
{"id":2276,"date":"2024-12-26T16:04:58","date_gmt":"2024-12-26T16:04:58","guid":{"rendered":"https:\/\/www.astburyformentera.co.uk\/blog\/warum-formentera-perfekt-fuer-ihren-osterurlaub-2025-ist\/"},"modified":"2025-12-22T16:21:30","modified_gmt":"2025-12-22T16:21:30","slug":"why-formentera-is-perfect-for-your-easter-break-2025","status":"publish","type":"post","link":"https:\/\/www.astburyformentera.de\/blog\/why-formentera-is-perfect-for-your-easter-break-2025\/","title":{"rendered":"Warum Formentera perfekt f\u00fcr Ihren Osterurlaub ist 2026"},"content":{"rendered":"\t\t<div data-elementor-type=\"wp-post\" data-elementor-id=\"2276\" class=\"elementor elementor-2276 elementor-2114\">\n\t\t\t\t<div class=\"elementor-element elementor-element-5ea5424 e-flex e-con-boxed e-con e-parent\" data-id=\"5ea5424\" data-element_type=\"container\">\n\t\t\t\t\t<div class=\"e-con-inner\">\n\t\t\t\t<div class=\"elementor-element elementor-element-385b0a5 elementor-widget elementor-widget-heading\" data-id=\"385b0a5\" data-element_type=\"widget\" data-widget_type=\"heading.default\">\n\t\t\t\t<div class=\"elementor-widget-container\">\n\t\t\t<style>\/*! elementor - v3.23.0 - 15-07-2024 *\/\n.elementor-heading-title{padding:0;margin:0;line-height:1}.elementor-widget-heading .elementor-heading-title[class*=elementor-size-]>a{color:inherit;font-size:inherit;line-height:inherit}.elementor-widget-heading .elementor-heading-title.elementor-size-small{font-size:15px}.elementor-widget-heading .elementor-heading-title.elementor-size-medium{font-size:19px}.elementor-widget-heading .elementor-heading-title.elementor-size-large{font-size:29px}.elementor-widget-heading .elementor-heading-title.elementor-size-xl{font-size:39px}.elementor-widget-heading .elementor-heading-title.elementor-size-xxl{font-size:59px}<\/style><h1 class=\"elementor-heading-title elementor-size-default\">Warum Formentera perfekt f\u00fcr Ihre Osterferien 2026 ist\n(und wo Sie wohnen k\u00f6nnen)  <\/h1>\t\t<\/div>\n\t\t\t\t<\/div>\n\t\t\t\t<div class=\"elementor-element elementor-element-e53f1f5 elementor-hidden-desktop elementor-hidden-tablet elementor-widget elementor-widget-image\" data-id=\"e53f1f5\" data-element_type=\"widget\" data-widget_type=\"image.default\">\n\t\t\t\t<div class=\"elementor-widget-container\">\n\t\t\t<style>\/*! elementor - v3.23.0 - 15-07-2024 *\/\n.elementor-widget-image{text-align:center}.elementor-widget-image a{display:inline-block}.elementor-widget-image a img[src$=\".svg\"]{width:48px}.elementor-widget-image img{vertical-align:middle;display:inline-block}<\/style>\t\t\t\t\t\t\t\t\t\t<img fetchpriority=\"high\" decoding=\"async\" width=\"2312\" height=\"1535\" src=\"https:\/\/www.astburyformentera.de\/blog\/wp-content\/uploads\/2024\/12\/anna_lizard_photo.webp\" class=\"attachment-full size-full wp-image-2118\" alt=\"Formentera&#039;s Lizard\" \/>\t\t\t\t\t\t\t\t\t\t\t\t\t<\/div>\n\t\t\t\t<\/div>\n\t\t\t\t\t<\/div>\n\t\t\t\t<\/div>\n\t\t<div class=\"elementor-element elementor-element-145be8f e-flex e-con-boxed e-con e-parent\" data-id=\"145be8f\" data-element_type=\"container\">\n\t\t\t\t\t<div class=\"e-con-inner\">\n\t\t\t\t<div class=\"elementor-element elementor-element-e641610 elementor-widget elementor-widget-text-editor\" data-id=\"e641610\" data-element_type=\"widget\" data-widget_type=\"text-editor.default\">\n\t\t\t\t<div class=\"elementor-widget-container\">\n\t\t\t<style>\/*! elementor - v3.23.0 - 15-07-2024 *\/\n.elementor-widget-text-editor.elementor-drop-cap-view-stacked .elementor-drop-cap{background-color:#69727d;color:#fff}.elementor-widget-text-editor.elementor-drop-cap-view-framed .elementor-drop-cap{color:#69727d;border:3px solid;background-color:transparent}.elementor-widget-text-editor:not(.elementor-drop-cap-view-default) .elementor-drop-cap{margin-top:8px}.elementor-widget-text-editor:not(.elementor-drop-cap-view-default) .elementor-drop-cap-letter{width:1em;height:1em}.elementor-widget-text-editor .elementor-drop-cap{float:left;text-align:center;line-height:1;font-size:50px}.elementor-widget-text-editor .elementor-drop-cap-letter{display:inline-block}<\/style>\t\t\t\t<p><span style=\"font-weight: 400;\">Wenn Sie an <strong>Formentera<\/strong> denken, denken Sie vielleicht an den Sommer mit seinen sonnenverw\u00f6hnten Str\u00e4nden und kristallklarem Wasser. <strong>Aber was w\u00e4re, wenn Sie die Insel auf eine andere Art und Weise erleben k\u00f6nnten?<\/strong> Stellen Sie sich vor, Sie schlendern an <strong>ruhigen Str\u00e4nden<\/strong> und <strong>auf Naturpfaden entlang und <\/strong>entdecken eine Insel, die in den <strong>leuchtenden Farben des Fr\u00fchlings<\/strong> erstrahlt. <\/span><span style=\"font-weight: 400;\">Abseits der sommerlichen Menschenmassen bietet <strong>Ostern<\/strong> die M\u00f6glichkeit, den authentischen Charme <strong>Formenteras<\/strong>zu erleben und den Zauber der Insel in einem langsameren, pers\u00f6nlicheren Tempo zu erfahren. <\/span> <\/p>\n<p><span style=\"font-weight: 400;\">Hier sind <strong>6 Gr\u00fcnde, warum Ostern 2026 die perfekte Zeit f\u00fcr einen Besuch ist:<\/strong><\/span><\/p>\n\t\t\t\t\t\t<\/div>\n\t\t\t\t<\/div>\n\t\t\t\t\t<\/div>\n\t\t\t\t<\/div>\n\t\t<div class=\"elementor-element elementor-element-ca27bc4 e-flex e-con-boxed e-con e-parent\" data-id=\"ca27bc4\" data-element_type=\"container\">\n\t\t\t\t\t<div class=\"e-con-inner\">\n\t\t\t\t<div class=\"elementor-element elementor-element-c2874f6 elementor-widget elementor-widget-image\" data-id=\"c2874f6\" data-element_type=\"widget\" data-widget_type=\"image.default\">\n\t\t\t\t<div class=\"elementor-widget-container\">\n\t\t\t\t\t\t\t\t\t\t<figure class=\"wp-caption\">\n\t\t\t\t\t\t\t\t\t\t<img decoding=\"async\" width=\"2304\" height=\"1536\" src=\"https:\/\/www.astburyformentera.de\/blog\/wp-content\/uploads\/2024\/12\/PANA0493.webp\" class=\"attachment-full size-full wp-image-2161\" alt=\"View of Es Vedra&#039;\" \/>\t\t\t\t\t\t\t\t\t\t\t<figcaption class=\"widget-image-caption wp-caption-text\">View of Es Vedra' and Cap de Barbaria Lighthouse in Formentera<\/figcaption>\n\t\t\t\t\t\t\t\t\t\t<\/figure>\n\t\t\t\t\t\t\t<\/div>\n\t\t\t\t<\/div>\n\t\t\t\t\t<\/div>\n\t\t\t\t<\/div>\n\t\t<div class=\"elementor-element elementor-element-aecb430 e-flex e-con-boxed e-con e-parent\" data-id=\"aecb430\" data-element_type=\"container\">\n\t\t\t\t\t<div class=\"e-con-inner\">\n\t\t\t\t<div class=\"elementor-element elementor-element-dce0fd1 elementor-widget elementor-widget-heading\" data-id=\"dce0fd1\" data-element_type=\"widget\" data-widget_type=\"heading.default\">\n\t\t\t\t<div class=\"elementor-widget-container\">\n\t\t\t<h3 class=\"elementor-heading-title elementor-size-default\">1. Perfektes Wetter f\u00fcr die Erkundung Formenteras\n<\/h3>\t\t<\/div>\n\t\t\t\t<\/div>\n\t\t\t\t\t<\/div>\n\t\t\t\t<\/div>\n\t\t<div class=\"elementor-element elementor-element-e368d7e e-flex e-con-boxed e-con e-parent\" data-id=\"e368d7e\" data-element_type=\"container\">\n\t\t\t\t\t<div class=\"e-con-inner\">\n\t\t\t\t<div class=\"elementor-element elementor-element-6d16eaf elementor-widget elementor-widget-text-editor\" data-id=\"6d16eaf\" data-element_type=\"widget\" data-widget_type=\"text-editor.default\">\n\t\t\t\t<div class=\"elementor-widget-container\">\n\t\t\t\t\t\t\t<p><span style=\"font-weight: 400;\"><strong>Ostern<\/strong> auf <strong>Formentera<\/strong> ist die perfekte Zeit, um die Insel zu erkunden. Mit Temperaturen zwischen 15\u00b0C und 22\u00b0C bietet das <strong>milde Fr\u00fchlingswetter<\/strong> eine willkommene Pause von der Hitze, so dass Sie die nat\u00fcrliche Sch\u00f6nheit <strong>Formenteras<\/strong>bequem genie\u00dfen k\u00f6nnen. Die <strong>angenehmen Temperaturen<\/strong> sind ideal f\u00fcr <strong>Aktivit\u00e4ten im Freien<\/strong>, und Sie k\u00f6nnen ruhige Spazierg\u00e4nge entlang der K\u00fcste unternehmen oder die atemberaubende Aussicht auf die Insel genie\u00dfen. Verpassen Sie nicht die Chance, spektakul\u00e4re Sonnenunterg\u00e4nge von ikonischen Orten wie     <\/span><span style=\"font-weight: 400;\"><strong>Cap de Barbaria Leuchtturm<\/strong>,<em>&#8218;Piratabus<\/em>&#8218; in <a href=\"https:\/\/www.astburyformentera.de\/blog\/der-ultimative-reisefuehrer-fuer-den-strand-migjorn-auf-formentera-die-besten-tipps-fuer-2024\/\" rel=\"noopener\"><strong>Strand Migjorn<\/strong><\/a> oder von <a href=\"https:\/\/www.astburyformentera.de\/blog\/strand-cala-saona-entdecken-sie-formenteras-verstecktes-juwel-an-der-westkueste\/\" rel=\"noopener\"><strong>Cala Saona<\/strong><\/a><\/span><span style=\"font-weight: 400;\">  um einen Blick auf <strong>Es Vedr\u00e0 bei Sonnenuntergang<\/strong> zu erhaschen, und das alles ohne die Menschenmassen im Sommer. Es ist die perfekte Gelegenheit, den Charme <strong>Formenteras<\/strong> in aller Ruhe und Intimit\u00e4t zu erleben. <\/span><\/p>\n\t\t\t\t\t\t<\/div>\n\t\t\t\t<\/div>\n\t\t\t\t\t<\/div>\n\t\t\t\t<\/div>\n\t\t<div class=\"elementor-element elementor-element-2c4b107 e-flex e-con-boxed e-con e-parent\" data-id=\"2c4b107\" data-element_type=\"container\">\n\t\t\t\t\t<div class=\"e-con-inner\">\n\t\t\t\t<div class=\"elementor-element elementor-element-c6bd923 elementor-widget elementor-widget-image\" data-id=\"c6bd923\" data-element_type=\"widget\" data-widget_type=\"image.default\">\n\t\t\t\t<div class=\"elementor-widget-container\">\n\t\t\t\t\t\t\t\t\t\t<figure class=\"wp-caption\">\n\t\t\t\t\t\t\t\t\t\t<img decoding=\"async\" width=\"2304\" height=\"1536\" src=\"https:\/\/www.astburyformentera.de\/blog\/wp-content\/uploads\/2024\/12\/C540DFF7-A9E7-467D-8371-A9AAA5BCEA30_1_201_a.webp\" class=\"attachment-full size-full wp-image-2137\" alt=\"Cap de Barberia Lighthouse in Formentera\" \/>\t\t\t\t\t\t\t\t\t\t\t<figcaption class=\"widget-image-caption wp-caption-text\">default<\/figcaption>\n\t\t\t\t\t\t\t\t\t\t<\/figure>\n\t\t\t\t\t\t\t<\/div>\n\t\t\t\t<\/div>\n\t\t\t\t\t<\/div>\n\t\t\t\t<\/div>\n\t\t<div class=\"elementor-element elementor-element-108f9a7 e-con-full e-flex e-con e-parent\" data-id=\"108f9a7\" data-element_type=\"container\">\n\t\t\t\t<div class=\"elementor-element elementor-element-1297e6a elementor-widget elementor-widget-heading\" data-id=\"1297e6a\" data-element_type=\"widget\" data-widget_type=\"heading.default\">\n\t\t\t\t<div class=\"elementor-widget-container\">\n\t\t\t<h3 class=\"elementor-heading-title elementor-size-default\">2. Eine Symphonie der Fr\u00fchlingsfarben\n<\/h3>\t\t<\/div>\n\t\t\t\t<\/div>\n\t\t\t\t<\/div>\n\t\t<div class=\"elementor-element elementor-element-07910eb e-flex e-con-boxed e-con e-parent\" data-id=\"07910eb\" data-element_type=\"container\">\n\t\t\t\t\t<div class=\"e-con-inner\">\n\t\t\t\t<div class=\"elementor-element elementor-element-5d63957 elementor-widget elementor-widget-text-editor\" data-id=\"5d63957\" data-element_type=\"widget\" data-widget_type=\"text-editor.default\">\n\t\t\t\t<div class=\"elementor-widget-container\">\n\t\t\t\t\t\t\t<p><span style=\"font-weight: 400;\">Wenn die K\u00e4lte des Winters schwindet, erwacht <strong>Formentera<\/strong> mit einer Explosion von <strong>Wildblumen<\/strong> und <strong>\u00fcppigem Gr\u00fcn<\/strong> zum Leben. Die Landschaft der Insel verwandelt sich in einen Traum f\u00fcr Maler mit Feldern, die mit <strong>leuchtend gelben Oxalis<\/strong>, zarten <strong>G\u00e4nsebl\u00fcmchen<\/strong> und leuchtend <strong>rotem Mohn<\/strong> \u00fcbers\u00e4t sind. <strong>Mandel-<\/strong> und <strong>Feigenb\u00e4ume<\/strong> beginnen zu<strong> bl\u00fchen<\/strong> und f\u00fcgen der Szenerie zartrosa und wei\u00dfe Bl\u00fcten hinzu. Das ist Natur vom Feinsten und eine Seite <strong>Formenteras<\/strong>, die Sie in den gesch\u00e4ftigen Sommermonaten nicht oft zu sehen bekommen.  <\/span><\/p>\n\t\t\t\t\t\t<\/div>\n\t\t\t\t<\/div>\n\t\t\t\t\t<\/div>\n\t\t\t\t<\/div>\n\t\t<div class=\"elementor-element elementor-element-ddd8ac5 e-flex e-con-boxed e-con e-parent\" data-id=\"ddd8ac5\" data-element_type=\"container\">\n\t\t\t\t\t<div class=\"e-con-inner\">\n\t\t\t\t<div class=\"elementor-element elementor-element-206909f elementor-widget elementor-widget-image\" data-id=\"206909f\" data-element_type=\"widget\" data-widget_type=\"image.default\">\n\t\t\t\t<div class=\"elementor-widget-container\">\n\t\t\t\t\t\t\t\t\t\t<figure class=\"wp-caption\">\n\t\t\t\t\t\t\t\t\t\t<img loading=\"lazy\" decoding=\"async\" width=\"751\" height=\"246\" src=\"https:\/\/www.astburyformentera.de\/blog\/wp-content\/uploads\/2024\/12\/IMG_3834-1920x630.jpeg\" class=\"attachment-large size-large wp-image-2143\" alt=\"Gelbes Kleeblatt auf Formentera w\u00e4hrend des Fr\u00fchlings und Ostern\" \/>\t\t\t\t\t\t\t\t\t\t\t<figcaption class=\"widget-image-caption wp-caption-text\">Das gelbe Kleeblatt bl\u00fcht auf Formentera w\u00e4hrend des Fr\u00fchlings und Ostern, ein Symbol f\u00fcr die unber\u00fchrte Natur der Insel in dieser besonderen Jahreszeit.<\/figcaption>\n\t\t\t\t\t\t\t\t\t\t<\/figure>\n\t\t\t\t\t\t\t<\/div>\n\t\t\t\t<\/div>\n\t\t\t\t\t<\/div>\n\t\t\t\t<\/div>\n\t\t<div class=\"elementor-element elementor-element-507aa46 e-grid e-con-boxed e-con e-parent\" data-id=\"507aa46\" data-element_type=\"container\">\n\t\t\t\t\t<div class=\"e-con-inner\">\n\t\t\t\t<div class=\"elementor-element elementor-element-0071949 elementor-widget elementor-widget-image\" data-id=\"0071949\" data-element_type=\"widget\" data-widget_type=\"image.default\">\n\t\t\t\t<div class=\"elementor-widget-container\">\n\t\t\t\t\t\t\t\t\t\t<figure class=\"wp-caption\">\n\t\t\t\t\t\t\t\t\t\t<img loading=\"lazy\" decoding=\"async\" width=\"1536\" height=\"2252\" src=\"https:\/\/www.astburyformentera.de\/blog\/wp-content\/uploads\/2024\/12\/moli-vell-de-la-mola-ancient-windmill-in-formentera.webp\" class=\"attachment-full size-full wp-image-2149\" alt=\"&#039;Mol\u00ed Vell de La Mola&#039; ancient windmill in Formentera\" \/>\t\t\t\t\t\t\t\t\t\t\t<figcaption class=\"widget-image-caption wp-caption-text\">'Mol\u00ed Vell de La Mola' ancient windmill in Formentera<\/figcaption>\n\t\t\t\t\t\t\t\t\t\t<\/figure>\n\t\t\t\t\t\t\t<\/div>\n\t\t\t\t<\/div>\n\t\t\t\t<div class=\"elementor-element elementor-element-9aaad3a elementor-widget elementor-widget-image\" data-id=\"9aaad3a\" data-element_type=\"widget\" data-widget_type=\"image.default\">\n\t\t\t\t<div class=\"elementor-widget-container\">\n\t\t\t\t\t\t\t\t\t\t<figure class=\"wp-caption\">\n\t\t\t\t\t\t\t\t\t\t<img loading=\"lazy\" decoding=\"async\" width=\"1536\" height=\"2304\" src=\"https:\/\/www.astburyformentera.de\/blog\/wp-content\/uploads\/2024\/12\/red-poppies-formentera-spring.webp\" class=\"attachment-full size-full wp-image-3205\" alt=\"Field of Red Poppies in Formentera\" srcset=\"https:\/\/www.astburyformentera.de\/blog\/wp-content\/uploads\/2024\/12\/red-poppies-formentera-spring.webp 1536w, https:\/\/www.astburyformentera.de\/blog\/wp-content\/uploads\/2024\/12\/red-poppies-formentera-spring-768x1152.webp 768w, https:\/\/www.astburyformentera.de\/blog\/wp-content\/uploads\/2024\/12\/red-poppies-formentera-spring-1024x1536.webp 1024w, https:\/\/www.astburyformentera.de\/blog\/wp-content\/uploads\/2024\/12\/red-poppies-formentera-spring-1365x2048.webp 1365w\" sizes=\"(max-width: 1536px) 100vw, 1536px\" \/>\t\t\t\t\t\t\t\t\t\t\t<figcaption class=\"widget-image-caption wp-caption-text\">red-poppies-formentera-spring<\/figcaption>\n\t\t\t\t\t\t\t\t\t\t<\/figure>\n\t\t\t\t\t\t\t<\/div>\n\t\t\t\t<\/div>\n\t\t\t\t\t<\/div>\n\t\t\t\t<\/div>\n\t\t<div class=\"elementor-element elementor-element-e46e5dd e-flex e-con-boxed e-con e-parent\" data-id=\"e46e5dd\" data-element_type=\"container\">\n\t\t\t\t\t<div class=\"e-con-inner\">\n\t\t\t\t<div class=\"elementor-element elementor-element-a07979b elementor-widget elementor-widget-heading\" data-id=\"a07979b\" data-element_type=\"widget\" data-widget_type=\"heading.default\">\n\t\t\t\t<div class=\"elementor-widget-container\">\n\t\t\t<h3 class=\"elementor-heading-title elementor-size-default\">3. Erleben Sie den ruhigen Charme von Formentera w\u00e4hrend der Semana Santa<\/h3>\t\t<\/div>\n\t\t\t\t<\/div>\n\t\t\t\t\t<\/div>\n\t\t\t\t<\/div>\n\t\t<div class=\"elementor-element elementor-element-62b7bb3 e-flex e-con-boxed e-con e-parent\" data-id=\"62b7bb3\" data-element_type=\"container\">\n\t\t\t\t\t<div class=\"e-con-inner\">\n\t\t\t\t<div class=\"elementor-element elementor-element-0853f1f elementor-widget elementor-widget-text-editor\" data-id=\"0853f1f\" data-element_type=\"widget\" data-widget_type=\"text-editor.default\">\n\t\t\t\t<div class=\"elementor-widget-container\">\n\t\t\t\t\t\t\t<p>Im Gegensatz zu den gro\u00dfen Feierlichkeiten <strong>der Semana Santa <\/strong>(Karwoche) in anderen Teilen Spaniens, ist <strong>Ostern<\/strong> auf <strong>Formentera<\/strong> ein ruhigeres Erlebnis. In <strong>San Francesc<\/strong>, der Hauptstadt der Insel, geben ein <strong>paar kleine Prozessionen<\/strong> einen <strong>Einblick in die lokalen Traditionen<\/strong>. Es ist eine Zeit, in der die Gemeinde auf ruhige und unaufdringliche Weise zusammenkommt. Das macht es perfekt f\u00fcr diejenigen, die eine <strong>friedliche, intime Atmosph\u00e4re<\/strong> den \u00fcberf\u00fcllten Feiern der Semana Santa vorziehen.<\/p>\n<p>Verpassen Sie nicht die Gelegenheit, <strong>traditionelle lokale Gerichte<\/strong> zu probieren, die \u00fcblicherweise bei Feiern und Stra\u00dfenfesten serviert werden: <strong><em>Cuinat<\/em>,<\/strong> ein deftiger Eintopf aus Gem\u00fcse und H\u00fclsenfr\u00fcchten, zu dem Bauernwein getrunken wird. Zum Dessert gibt es <strong><em>fla\u00f3<\/em> <\/strong>(ein K\u00e4sekuchen mit Minzgeschmack), <strong><em>bunyols<\/em> <\/strong>(s\u00fc\u00dfe, frittierte Teigb\u00e4llchen), und <strong><em>orelletes<\/em><\/strong> (knuspriges, mit Zucker bestreutes Geb\u00e4ck).<\/p>\n\t\t\t\t\t\t<\/div>\n\t\t\t\t<\/div>\n\t\t\t\t\t<\/div>\n\t\t\t\t<\/div>\n\t\t<div class=\"elementor-element elementor-element-ffdcc59 e-flex e-con-boxed e-con e-parent\" data-id=\"ffdcc59\" data-element_type=\"container\">\n\t\t\t\t\t<div class=\"e-con-inner\">\n\t\t\t\t<div class=\"elementor-element elementor-element-2e6e9db elementor-widget elementor-widget-heading\" data-id=\"2e6e9db\" data-element_type=\"widget\" data-widget_type=\"heading.default\">\n\t\t\t\t<div class=\"elementor-widget-container\">\n\t\t\t<h3 class=\"elementor-heading-title elementor-size-default\">4. Outdoor-Abenteuer und Naturbegegnungen<\/h3>\t\t<\/div>\n\t\t\t\t<\/div>\n\t\t\t\t\t<\/div>\n\t\t\t\t<\/div>\n\t\t<div class=\"elementor-element elementor-element-1345308 e-flex e-con-boxed e-con e-parent\" data-id=\"1345308\" data-element_type=\"container\">\n\t\t\t\t\t<div class=\"e-con-inner\">\n\t\t\t\t<div class=\"elementor-element elementor-element-d92a0d9 elementor-widget elementor-widget-text-editor\" data-id=\"d92a0d9\" data-element_type=\"widget\" data-widget_type=\"text-editor.default\">\n\t\t\t\t<div class=\"elementor-widget-container\">\n\t\t\t\t\t\t\t<p><span style=\"font-weight: 400;\"><strong>Formentera<\/strong> im <strong>Fr\u00fchling<\/strong> bietet auch eine fantastische Gelegenheit f\u00fcr Naturliebhaber, die <strong>Tierwelt<\/strong> und die Natur der Insel kennenzulernen. Die milden Temperaturen eignen sich hervorragend zum <strong>Wandern<\/strong>, <strong>Radfahren<\/strong> und Erkunden der <strong>unber\u00fchrten Naturpfade Formenteras<\/strong>, die sich durch Pinien- und Wacholderw\u00e4lder schl\u00e4ngeln.   <\/span><\/p>\n\t\t\t\t\t\t<\/div>\n\t\t\t\t<\/div>\n\t\t\t\t\t<\/div>\n\t\t\t\t<\/div>\n\t\t<div class=\"elementor-element elementor-element-84c82c9 e-flex e-con-boxed e-con e-parent\" data-id=\"84c82c9\" data-element_type=\"container\">\n\t\t\t\t\t<div class=\"e-con-inner\">\n\t\t\t\t<div class=\"elementor-element elementor-element-ec75f81 elementor-widget elementor-widget-image\" data-id=\"ec75f81\" data-element_type=\"widget\" data-widget_type=\"image.default\">\n\t\t\t\t<div class=\"elementor-widget-container\">\n\t\t\t\t\t\t\t\t\t\t\t\t\t<img loading=\"lazy\" decoding=\"async\" width=\"1200\" height=\"800\" src=\"https:\/\/www.astburyformentera.de\/blog\/wp-content\/uploads\/2024\/12\/flamingos-formentera.jpg\" class=\"attachment-full size-full wp-image-3212\" alt=\"Flamingos in Formentera\" srcset=\"https:\/\/www.astburyformentera.de\/blog\/wp-content\/uploads\/2024\/12\/flamingos-formentera.jpg 1200w, https:\/\/www.astburyformentera.de\/blog\/wp-content\/uploads\/2024\/12\/flamingos-formentera-768x512.jpg 768w\" sizes=\"(max-width: 1200px) 100vw, 1200px\" \/>\t\t\t\t\t\t\t\t\t\t\t\t\t<\/div>\n\t\t\t\t<\/div>\n\t\t\t\t\t<\/div>\n\t\t\t\t<\/div>\n\t\t<div class=\"elementor-element elementor-element-a75834e e-flex e-con-boxed e-con e-parent\" data-id=\"a75834e\" data-element_type=\"container\">\n\t\t\t\t\t<div class=\"e-con-inner\">\n\t\t\t\t<div class=\"elementor-element elementor-element-bac84ab elementor-widget elementor-widget-text-editor\" data-id=\"bac84ab\" data-element_type=\"widget\" data-widget_type=\"text-editor.default\">\n\t\t\t\t<div class=\"elementor-widget-container\">\n\t\t\t\t\t\t\t<p><span style=\"font-weight: 400;\">Diese <strong>Naturpfade<\/strong> bieten nicht nur spektakul\u00e4re Ausblicke auf die K\u00fcste und ikonische Wahrzeichen wie den<strong>&#8218;La Mola Leuchtturm&#8216;<\/strong>, sondern auch die Chance, <strong>wilde Tiere<\/strong> zu beobachten. Halten Sie Ausschau nach <strong>Flamingos<\/strong> und <strong>anderen V\u00f6geln<\/strong> in den <strong>Salzwasserlagunen<\/strong> der Insel, wie dem friedlichen &#8218;<a href=\"https:\/\/www.astburyformentera.de\/blog\/entdecken-sie-den-strand-estany-des-peix-formenteras-paradies-fuer-wildtiere-und-biodiversitaet\/\" rel=\"noopener\"><strong>Estany des Peix<\/strong><\/a>&#8218;, oder auf dem Pfad<strong>&#8218;Es Brolls<\/strong>&#8218;, der an die riesige<strong>&#8218;Estany Pudent<\/strong>&#8218; grenzt. Vergessen Sie nicht, nach <strong>Formenteras ikonischen gr\u00fcnen Eidechsen<\/strong> Ausschau zu halten, die sich auf den Felsen inmitten der Wildblumen sonnen. Da weniger Touristen unterwegs sind, ist <strong>Ostern<\/strong> eine hervorragende Zeit, um die vielf\u00e4ltige Natur <strong>Formenteras<\/strong>von ihrer besten Seite zu erleben.   <\/span><\/p>\n\t\t\t\t\t\t<\/div>\n\t\t\t\t<\/div>\n\t\t\t\t\t<\/div>\n\t\t\t\t<\/div>\n\t\t<div class=\"elementor-element elementor-element-6dd62d9 e-flex e-con-boxed e-con e-parent\" data-id=\"6dd62d9\" data-element_type=\"container\">\n\t\t\t\t\t<div class=\"e-con-inner\">\n\t\t\t\t<div class=\"elementor-element elementor-element-a9df6a0 elementor-widget elementor-widget-image\" data-id=\"a9df6a0\" data-element_type=\"widget\" data-widget_type=\"image.default\">\n\t\t\t\t<div class=\"elementor-widget-container\">\n\t\t\t\t\t\t\t\t\t\t<figure class=\"wp-caption\">\n\t\t\t\t\t\t\t\t\t\t<img fetchpriority=\"high\" decoding=\"async\" width=\"2312\" height=\"1535\" src=\"https:\/\/www.astburyformentera.de\/blog\/wp-content\/uploads\/2024\/12\/anna_lizard_photo.webp\" class=\"attachment-full size-full wp-image-2118\" alt=\"Formentera&#039;s Lizard\" \/>\t\t\t\t\t\t\t\t\t\t\t<figcaption class=\"widget-image-caption wp-caption-text\">Formentera's endemic species of green lizard<\/figcaption>\n\t\t\t\t\t\t\t\t\t\t<\/figure>\n\t\t\t\t\t\t\t<\/div>\n\t\t\t\t<\/div>\n\t\t\t\t\t<\/div>\n\t\t\t\t<\/div>\n\t\t<div class=\"elementor-element elementor-element-57cf0f7 e-flex e-con-boxed e-con e-parent\" data-id=\"57cf0f7\" data-element_type=\"container\">\n\t\t\t\t\t<div class=\"e-con-inner\">\n\t\t\t\t<div class=\"elementor-element elementor-element-ce60219 elementor-widget elementor-widget-heading\" data-id=\"ce60219\" data-element_type=\"widget\" data-widget_type=\"heading.default\">\n\t\t\t\t<div class=\"elementor-widget-container\">\n\t\t\t<h3 class=\"elementor-heading-title elementor-size-default\">5. Formentera Blau: Unber\u00fchrte Str\u00e4nde und atemberaubende Meerblicke\n<\/h3>\t\t<\/div>\n\t\t\t\t<\/div>\n\t\t\t\t\t<\/div>\n\t\t\t\t<\/div>\n\t\t<div class=\"elementor-element elementor-element-3ee7d04 e-flex e-con-boxed e-con e-parent\" data-id=\"3ee7d04\" data-element_type=\"container\">\n\t\t\t\t\t<div class=\"e-con-inner\">\n\t\t\t\t<div class=\"elementor-element elementor-element-5b7f0e9 elementor-widget elementor-widget-text-editor\" data-id=\"5b7f0e9\" data-element_type=\"widget\" data-widget_type=\"text-editor.default\">\n\t\t\t\t<div class=\"elementor-widget-container\">\n\t\t\t\t\t\t\t<p><span style=\"font-weight: 400;\">Der <strong>Fr\u00fchling<\/strong> ist die Zeit, in der <strong>Formentera<\/strong> seine atemberaubendste nat\u00fcrliche Sch\u00f6nheit offenbart. Nach den Winterst\u00fcrmen nimmt das Meer wieder seine ber\u00fchmte t\u00fcrkisfarbene Farbe an, die oft als   <\/span><i><span style=\"font-weight: 400;\"><strong>&#8222;Formentera blau<\/strong>&#8222;<\/span><\/i><span style=\"font-weight: 400;\">und bietet so atemberaubende Aussichten, dass sie wie auf einer Postkarte aussehen. Die <strong>Osterferien<\/strong> sind die ideale Zeit, um diese unber\u00fchrten Gew\u00e4sser vor der Ankunft der Freizeitboote im Sommer zu erleben.<\/span><\/p>\n\t\t\t\t\t\t<\/div>\n\t\t\t\t<\/div>\n\t\t\t\t\t<\/div>\n\t\t\t\t<\/div>\n\t\t<div class=\"elementor-element elementor-element-f4cd409 e-flex e-con-boxed e-con e-parent\" data-id=\"f4cd409\" data-element_type=\"container\">\n\t\t\t\t\t<div class=\"e-con-inner\">\n\t\t\t\t<div class=\"elementor-element elementor-element-fefecb4 elementor-widget elementor-widget-image\" data-id=\"fefecb4\" data-element_type=\"widget\" data-widget_type=\"image.default\">\n\t\t\t\t<div class=\"elementor-widget-container\">\n\t\t\t\t\t\t\t\t\t\t<figure class=\"wp-caption\">\n\t\t\t\t\t\t\t\t\t\t<img loading=\"lazy\" decoding=\"async\" width=\"1200\" height=\"840\" src=\"https:\/\/www.astburyformentera.de\/blog\/wp-content\/uploads\/2024\/12\/formentera-sea-view-from-the-beach.jpg\" class=\"attachment-full size-full wp-image-3218\" alt=\"Formentera seaview from Mijorn Beach during Easter\" srcset=\"https:\/\/www.astburyformentera.de\/blog\/wp-content\/uploads\/2024\/12\/formentera-sea-view-from-the-beach.jpg 1200w, https:\/\/www.astburyformentera.de\/blog\/wp-content\/uploads\/2024\/12\/formentera-sea-view-from-the-beach-768x538.jpg 768w\" sizes=\"(max-width: 1200px) 100vw, 1200px\" \/>\t\t\t\t\t\t\t\t\t\t\t<figcaption class=\"widget-image-caption wp-caption-text\">Formentera seaview from Migjorn Beach in Spring<\/figcaption>\n\t\t\t\t\t\t\t\t\t\t<\/figure>\n\t\t\t\t\t\t\t<\/div>\n\t\t\t\t<\/div>\n\t\t\t\t\t<\/div>\n\t\t\t\t<\/div>\n\t\t<div class=\"elementor-element elementor-element-e950159 e-flex e-con-boxed e-con e-parent\" data-id=\"e950159\" data-element_type=\"container\">\n\t\t\t\t\t<div class=\"e-con-inner\">\n\t\t\t\t<div class=\"elementor-element elementor-element-6ead4ca elementor-widget elementor-widget-text-editor\" data-id=\"6ead4ca\" data-element_type=\"widget\" data-widget_type=\"text-editor.default\">\n\t\t\t\t<div class=\"elementor-widget-container\">\n\t\t\t\t\t\t\t<p><span style=\"font-weight: 400;\">Stellen Sie sich vor, Sie nehmen diese <\/span><i><span style=\"font-weight: 400;\">&#8222;Formentera Postkarte&#8220;<\/span><\/i><span style=\"font-weight: 400;\"> Momente in dem atemberaubenden Hafenort <a href=\"https:\/\/www.astburyformentera.de\/blog\/es-calo-ein-bezauberndes-dorf-und-ein-muss-fuer-den-strand-von-formentera\/\" rel=\"noopener\"><strong>Es Cal\u00f3<\/strong><\/a>die lange Strecke des <a href=\"https:\/\/www.astburyformentera.de\/blog\/der-ultimative-reisefuehrer-fuer-den-strand-migjorn-auf-formentera-die-besten-tipps-fuer-2024\/\" rel=\"noopener\"><strong>Migjorn Strand<\/strong><\/a>oder dem kultigen <a href=\"https:\/\/www.astburyformentera.de\/blog\/5-gruende-warum-sie-den-strand-von-ses-illetes-nicht-verpassen-sollten-formenteras-top-reiseziel\/\" rel=\"noopener\"><strong>Ses Illetes Strand<\/strong><\/a>und genie\u00dfen Sie dabei die milde Fr\u00fchlingssonne.<\/span><\/p>\n\t\t\t\t\t\t<\/div>\n\t\t\t\t<\/div>\n\t\t\t\t<div class=\"elementor-element elementor-element-8a635b7 elementor-widget elementor-widget-heading\" data-id=\"8a635b7\" data-element_type=\"widget\" data-widget_type=\"heading.default\">\n\t\t\t\t<div class=\"elementor-widget-container\">\n\t\t\t<h3 class=\"elementor-heading-title elementor-size-default\">6. Formentera zu Ostern: Leichtere Anreise, Unterkunft &amp; erschwingliche Optionen<\/h3>\t\t<\/div>\n\t\t\t\t<\/div>\n\t\t\t\t\t<\/div>\n\t\t\t\t<\/div>\n\t\t<div class=\"elementor-element elementor-element-8fa19e0 e-flex e-con-boxed e-con e-parent\" data-id=\"8fa19e0\" data-element_type=\"container\">\n\t\t\t\t\t<div class=\"e-con-inner\">\n\t\t\t\t<div class=\"elementor-element elementor-element-e8db3b1 elementor-widget elementor-widget-text-editor\" data-id=\"e8db3b1\" data-element_type=\"widget\" data-widget_type=\"text-editor.default\">\n\t\t\t\t<div class=\"elementor-widget-container\">\n\t\t\t\t\t\t\t<p><span style=\"font-weight: 400;\">Wenn Sie <strong>Formentera<\/strong> zu <strong style=\"font-weight: 400;\">Ostern<\/strong> besuchen, k\u00f6nnen Sie die ruhige Sch\u00f6nheit und den kulturellen Charme der Insel genie\u00dfen und gleichzeitig von <strong>niedrigeren Preisen<\/strong> als in der Hochsaison profitieren. Da es weniger Touristen gibt, ist es f\u00fcr Sie einfacher, eine <strong>Unterkunft<\/strong> zu finden und <strong>Reisevorbereitungen<\/strong> zu treffen. Der Fr\u00fchling bietet auch<strong>g\u00fcnstigere Preise f\u00fcr Auto- <\/strong>und<strong> Fahrradvermietungen<\/strong> und <strong>ruhigere F\u00e4hrenfahrten<\/strong> zur Insel. Detaillierte Informationen \u00fcber die <strong style=\"font-weight: 400;\">besten M\u00f6glichkeiten, Formentera zu erreichen<\/strong>, finden Sie <a href=\"https:\/\/www.astburyformentera.de\/blog\/die-beste-art-nach-formentera-zu-reisen-alles-was-sie-wissen-muessen\/\" rel=\"noopener\">hier<\/a>. Unsere Kunden bei <strong>Astbury Formentera<\/strong> k\u00f6nnen auch <a href=\"https:\/\/www.astburyformentera.co.uk\/special-offers\/\" rel=\"noopener\"><strong>Rabatte genie\u00dfen<\/strong><\/a> auf <em><a href=\"https:\/\/www.trasmapi.com\/\" target=\"_blank\" rel=\"noopener\">Trasmapi<\/a><\/em> F\u00e4hren und <a href=\"https:\/\/formotor.com\/en\/\" target=\"_blank\" rel=\"noopener\"><em>Fomotor<\/em><\/a> Fahrzeugvermietung.<\/span><\/p>\n<p><span style=\"font-weight: 400;\">Die \u00f6rtlichen Gesch\u00e4fte freuen sich auf die Besucher, oft mit <strong>besserem Service<\/strong> und besserer Verf\u00fcgbarkeit als in den hektischen Sommermonaten. Sie werden dasselbe t\u00fcrkisfarbene Wasser, atemberaubende Sonnenunterg\u00e4nge und eine authentische Gastronomie erleben und gleichzeitig einen <strong>entspannten<\/strong> und <strong>bequemen Urlaub<\/strong> genie\u00dfen <strong>.<\/strong> <\/span><\/p>\n\t\t\t\t\t\t<\/div>\n\t\t\t\t<\/div>\n\t\t\t\t\t<\/div>\n\t\t\t\t<\/div>\n\t\t<div class=\"elementor-element elementor-element-01ba722 e-flex e-con-boxed e-con e-parent\" data-id=\"01ba722\" data-element_type=\"container\">\n\t\t\t\t\t<div class=\"e-con-inner\">\n\t\t\t\t<div class=\"elementor-element elementor-element-c361d93 elementor-widget elementor-widget-image\" data-id=\"c361d93\" data-element_type=\"widget\" data-widget_type=\"image.default\">\n\t\t\t\t<div class=\"elementor-widget-container\">\n\t\t\t\t\t\t\t\t\t\t<figure class=\"wp-caption\">\n\t\t\t\t\t\t\t\t\t\t<img loading=\"lazy\" decoding=\"async\" width=\"2560\" height=\"1963\" src=\"https:\/\/www.astburyformentera.de\/blog\/wp-content\/uploads\/2024\/12\/trasmapi-ferry-connecting-ibiza-and-formentera.webp\" class=\"attachment-full size-full wp-image-2185\" alt=\"\" \/>\t\t\t\t\t\t\t\t\t\t\t<figcaption class=\"widget-image-caption wp-caption-text\">Trasmapi Ferry connecting Ibiza and Formentera<\/figcaption>\n\t\t\t\t\t\t\t\t\t\t<\/figure>\n\t\t\t\t\t\t\t<\/div>\n\t\t\t\t<\/div>\n\t\t\t\t\t<\/div>\n\t\t\t\t<\/div>\n\t\t<div class=\"elementor-element elementor-element-48232e7 e-flex e-con-boxed e-con e-parent\" data-id=\"48232e7\" data-element_type=\"container\">\n\t\t\t\t\t<div class=\"e-con-inner\">\n\t\t\t\t<div class=\"elementor-element elementor-element-573f5f2 elementor-widget elementor-widget-heading\" data-id=\"573f5f2\" data-element_type=\"widget\" data-widget_type=\"heading.default\">\n\t\t\t\t<div class=\"elementor-widget-container\">\n\t\t\t<h3 class=\"elementor-heading-title elementor-size-default\">Unterk\u00fcnfte f\u00fcr Ihre Osterferien 2026\n<\/h3>\t\t<\/div>\n\t\t\t\t<\/div>\n\t\t\t\t\t<\/div>\n\t\t\t\t<\/div>\n\t\t<div class=\"elementor-element elementor-element-9e93ef5 e-flex e-con-boxed e-con e-parent\" data-id=\"9e93ef5\" data-element_type=\"container\">\n\t\t\t\t\t<div class=\"e-con-inner\">\n\t\t\t\t<div class=\"elementor-element elementor-element-524daa7 elementor-widget elementor-widget-text-editor\" data-id=\"524daa7\" data-element_type=\"widget\" data-widget_type=\"text-editor.default\">\n\t\t\t\t<div class=\"elementor-widget-container\">\n\t\t\t\t\t\t\t<p><span style=\"font-weight: 400;\">Im <strong>Astbury Formentera<\/strong> bieten wir Ihnen eine Vielzahl <strong>sch\u00f6ner Unterk\u00fcnfte<\/strong>, die alle in die Natur eingebettet und nur wenige Schritte von spektakul\u00e4ren Meereslandschaften entfernt sind.  <\/span><span style=\"font-weight: 400;\">Hier finden Sie eine Reihe von Optionen, die Ihnen helfen, den perfekten Ort f\u00fcr Ihren<strong> Osterurlaub 2026<\/strong> auf <strong>Formentera<\/strong> zu finden. Wir freuen uns darauf, Sie auf dieser wundersch\u00f6nen Insel, die wir so sehr lieben, begr\u00fc\u00dfen zu d\u00fcrfen.<\/span><\/p>\n\t\t\t\t\t\t<\/div>\n\t\t\t\t<\/div>\n\t\t\t\t\t<\/div>\n\t\t\t\t<\/div>\n\t\t<div class=\"elementor-element elementor-element-1aaddd9 e-flex e-con-boxed e-con e-parent\" data-id=\"1aaddd9\" data-element_type=\"container\">\n\t\t\t\t\t<div class=\"e-con-inner\">\n\t\t\t\t<div class=\"elementor-element elementor-element-88ea859 elementor-widget elementor-widget-heading\" data-id=\"88ea859\" data-element_type=\"widget\" data-widget_type=\"heading.default\">\n\t\t\t\t<div class=\"elementor-widget-container\">\n\t\t\t<h4 class=\"elementor-heading-title elementor-size-default\">Casa Stefi - Astbury Formentera<\/h4>\t\t<\/div>\n\t\t\t\t<\/div>\n\t\t\t\t\t<\/div>\n\t\t\t\t<\/div>\n\t\t<div class=\"elementor-element elementor-element-62f4442 e-flex e-con-boxed e-con e-parent\" data-id=\"62f4442\" data-element_type=\"container\">\n\t\t\t\t\t<div class=\"e-con-inner\">\n\t\t\t\t<div class=\"elementor-element elementor-element-8014f28 elementor-widget elementor-widget-text-editor\" data-id=\"8014f28\" data-element_type=\"widget\" data-widget_type=\"text-editor.default\">\n\t\t\t\t<div class=\"elementor-widget-container\">\n\t\t\t\t\t\t\t<p><span style=\"font-weight: 400;\"><a href=\"https:\/\/www.astburyformentera.co.uk\/rentals\/villa-playa-de-migjorn-casa-stefi-beach-house-migjorn-formentera-463119.html\"><strong>Casa Stefi<\/strong><\/a> ist eine charmante Villa mit atemberaubendem Meerblick und authentischer Strandatmosph\u00e4re, nur wenige Schritte vom <strong>Strand Es Arenals<\/strong> in <strong>Migjorn<\/strong> entfernt. Mit gro\u00dfz\u00fcgigen Terrassen, die einen Panoramablick auf das Meer bieten, verbindet dieses private und freistehende Anwesen Komfort mit nat\u00fcrlicher Sch\u00f6nheit.<\/span><\/p>\n\t\t\t\t\t\t<\/div>\n\t\t\t\t<\/div>\n\t\t\t\t\t<\/div>\n\t\t\t\t<\/div>\n\t\t<div class=\"elementor-element elementor-element-d48b503 e-flex e-con-boxed e-con e-parent\" data-id=\"d48b503\" data-element_type=\"container\">\n\t\t\t\t\t<div class=\"e-con-inner\">\n\t\t\t\t<div class=\"elementor-element elementor-element-ec5b77e elementor-widget elementor-widget-video\" data-id=\"ec5b77e\" data-element_type=\"widget\" data-settings=\"{&quot;youtube_url&quot;:&quot;https:\\\/\\\/www.youtube.com\\\/watch?v=OVS7PegCpyo&quot;,&quot;video_type&quot;:&quot;youtube&quot;,&quot;controls&quot;:&quot;yes&quot;}\" data-widget_type=\"video.default\">\n\t\t\t\t<div class=\"elementor-widget-container\">\n\t\t\t<style>\/*! elementor - v3.23.0 - 15-07-2024 *\/\n.elementor-widget-video .elementor-widget-container{overflow:hidden;transform:translateZ(0)}.elementor-widget-video .elementor-wrapper{aspect-ratio:var(--video-aspect-ratio)}.elementor-widget-video .elementor-wrapper iframe,.elementor-widget-video .elementor-wrapper video{height:100%;width:100%;display:flex;border:none;background-color:#000}@supports not (aspect-ratio:1\/1){.elementor-widget-video .elementor-wrapper{position:relative;overflow:hidden;height:0;padding-bottom:calc(100% \/ var(--video-aspect-ratio))}.elementor-widget-video .elementor-wrapper iframe,.elementor-widget-video .elementor-wrapper video{position:absolute;top:0;right:0;bottom:0;left:0}}.elementor-widget-video .elementor-open-inline .elementor-custom-embed-image-overlay{position:absolute;top:0;right:0;bottom:0;left:0;background-size:cover;background-position:50%}.elementor-widget-video .elementor-custom-embed-image-overlay{cursor:pointer;text-align:center}.elementor-widget-video .elementor-custom-embed-image-overlay:hover .elementor-custom-embed-play i{opacity:1}.elementor-widget-video .elementor-custom-embed-image-overlay img{display:block;width:100%;aspect-ratio:var(--video-aspect-ratio);-o-object-fit:cover;object-fit:cover;-o-object-position:center center;object-position:center center}@supports not (aspect-ratio:1\/1){.elementor-widget-video .elementor-custom-embed-image-overlay{position:relative;overflow:hidden;height:0;padding-bottom:calc(100% \/ var(--video-aspect-ratio))}.elementor-widget-video .elementor-custom-embed-image-overlay img{position:absolute;top:0;right:0;bottom:0;left:0}}.elementor-widget-video .e-hosted-video .elementor-video{-o-object-fit:cover;object-fit:cover}.e-con-inner>.elementor-widget-video,.e-con>.elementor-widget-video{width:var(--container-widget-width);--flex-grow:var(--container-widget-flex-grow)}<\/style>\t\t<div class=\"elementor-wrapper elementor-open-inline\">\n\t\t\t<div class=\"elementor-video\"><\/div>\t\t<\/div>\n\t\t\t\t<\/div>\n\t\t\t\t<\/div>\n\t\t\t\t\t<\/div>\n\t\t\t\t<\/div>\n\t\t<div class=\"elementor-element elementor-element-80a0c41 e-flex e-con-boxed e-con e-parent\" data-id=\"80a0c41\" data-element_type=\"container\">\n\t\t\t\t\t<div class=\"e-con-inner\">\n\t\t\t\t<div class=\"elementor-element elementor-element-9a6e7e8 elementor-widget elementor-widget-text-editor\" data-id=\"9a6e7e8\" data-element_type=\"widget\" data-widget_type=\"text-editor.default\">\n\t\t\t\t<div class=\"elementor-widget-container\">\n\t\t\t\t\t\t\t<p><span style=\"font-weight: 400;\">Die Villa verf\u00fcgt \u00fcber ein schlichtes, elegantes Dekor und ist vollst\u00e4ndig f\u00fcr einen entspannten Aufenthalt ausgestattet. Der <strong>offene Wohnbereich<\/strong> verf\u00fcgt \u00fcber einen Essbereich auf einer separaten Ebene und die K\u00fcche \u00f6ffnet sich zur Terrasse, die sich perfekt f\u00fcr Mahlzeiten im Freien eignet. Mit <strong>drei gem\u00fctlichen Schlafzimmern<\/strong> und einem Badezimmer ist es ein idealer R\u00fcckzugsort f\u00fcr alle, die einen ruhigen R\u00fcckzug suchen. Weitere Details und die Verf\u00fcgbarkeit finden Sie <a href=\"https:\/\/www.astburyformentera.co.uk\/rentals\/villa-playa-de-migjorn-casa-stefi-beach-house-migjorn-formentera-463119.html\" target=\"_blank\" rel=\"noopener\">hier.<\/a>   <\/span><\/p>\n\t\t\t\t\t\t<\/div>\n\t\t\t\t<\/div>\n\t\t\t\t\t<\/div>\n\t\t\t\t<\/div>\n\t\t<div class=\"elementor-element elementor-element-8692ce9 e-flex e-con-boxed e-con e-parent\" data-id=\"8692ce9\" data-element_type=\"container\">\n\t\t\t\t\t<div class=\"e-con-inner\">\n\t\t\t\t<div class=\"elementor-element elementor-element-e88531a elementor-widget elementor-widget-heading\" data-id=\"e88531a\" data-element_type=\"widget\" data-widget_type=\"heading.default\">\n\t\t\t\t<div class=\"elementor-widget-container\">\n\t\t\t<h4 class=\"elementor-heading-title elementor-size-default\">Voga Mari - Astbury Formentera<\/h4>\t\t<\/div>\n\t\t\t\t<\/div>\n\t\t\t\t\t<\/div>\n\t\t\t\t<\/div>\n\t\t<div class=\"elementor-element elementor-element-7ada7fa e-flex e-con-boxed e-con e-parent\" data-id=\"7ada7fa\" data-element_type=\"container\">\n\t\t\t\t\t<div class=\"e-con-inner\">\n\t\t\t\t<div class=\"elementor-element elementor-element-d6b79be elementor-widget elementor-widget-text-editor\" data-id=\"d6b79be\" data-element_type=\"widget\" data-widget_type=\"text-editor.default\">\n\t\t\t\t<div class=\"elementor-widget-container\">\n\t\t\t\t\t\t\t<p><strong><a href=\"https:\/\/www.astburyformentera.co.uk\/rentals\/holidays-rentals-rentals-p0\/tag-voga-mari\/list-view\/\">Voga Mari<\/a> <\/strong>genie\u00dft eine wirklich privilegierte Lage auf der Insel <strong>Formentera<\/strong>.<\/p>\n<p><span style=\"font-weight: 400;\">Unsere <strong>charmanten Bungalows<\/strong> befinden sich in Richtung des zentralen <strong>Strandabschnitts<\/strong> von <strong>Migjorn<\/strong> und bieten ein Gef\u00fchl der Ruhe und Beschaulichkeit. Der Strand von Migjorn ist nur 2 Minuten zu Fu\u00df entfernt.  <\/span><\/p>\n<ul>\n<li><span style=\"font-weight: 400;\"><strong>Voga Mari<\/strong> besteht aus 13 aneinander grenzenden <strong>Bungalows mit einem Schlafzimmer und Meerblick<\/strong> und <strong>2 Penthouse-Apartments im ersten Stock<\/strong> mit Panoramablick auf das Meer.<\/span><\/li>\n<li><span style=\"font-weight: 400;\">  Das ausgezeichnete <strong>Restaurant Voga Mari<\/strong> liegt nur 100 Meter entfernt direkt am Strand.  <\/span><\/li>\n<li><span style=\"font-weight: 400;\">Weitere Details und die Verf\u00fcgbarkeit finden Sie <a href=\"https:\/\/www.astburyformentera.co.uk\/rentals\/holidays-rentals-rentals-p0\/?FRMNombre=voga+mari\" target=\"_blank\" rel=\"noopener\">hier.<\/a><\/span><\/li>\n<\/ul>\n\t\t\t\t\t\t<\/div>\n\t\t\t\t<\/div>\n\t\t\t\t\t<\/div>\n\t\t\t\t<\/div>\n\t\t<div class=\"elementor-element elementor-element-b02a1eb e-flex e-con-boxed e-con e-parent\" data-id=\"b02a1eb\" data-element_type=\"container\">\n\t\t\t\t\t<div class=\"e-con-inner\">\n\t\t\t\t<div class=\"elementor-element elementor-element-4402cbf elementor-widget elementor-widget-video\" data-id=\"4402cbf\" data-element_type=\"widget\" data-settings=\"{&quot;youtube_url&quot;:&quot;https:\\\/\\\/www.youtube.com\\\/watch?v=3MunyExfnSQ&quot;,&quot;video_type&quot;:&quot;youtube&quot;,&quot;controls&quot;:&quot;yes&quot;}\" data-widget_type=\"video.default\">\n\t\t\t\t<div class=\"elementor-widget-container\">\n\t\t\t\t\t<div class=\"elementor-wrapper elementor-open-inline\">\n\t\t\t<div class=\"elementor-video\"><\/div>\t\t<\/div>\n\t\t\t\t<\/div>\n\t\t\t\t<\/div>\n\t\t\t\t\t<\/div>\n\t\t\t\t<\/div>\n\t\t<div class=\"elementor-element elementor-element-d565b76 e-flex e-con-boxed e-con e-parent\" data-id=\"d565b76\" data-element_type=\"container\">\n\t\t\t\t\t<div class=\"e-con-inner\">\n\t\t\t\t\t<\/div>\n\t\t\t\t<\/div>\n\t\t<div class=\"elementor-element elementor-element-9e7964d e-flex e-con-boxed e-con e-parent\" data-id=\"9e7964d\" data-element_type=\"container\">\n\t\t\t\t\t<div class=\"e-con-inner\">\n\t\t\t\t<div class=\"elementor-element elementor-element-7634618 elementor-widget elementor-widget-heading\" data-id=\"7634618\" data-element_type=\"widget\" data-widget_type=\"heading.default\">\n\t\t\t\t<div class=\"elementor-widget-container\">\n\t\t\t<h4 class=\"elementor-heading-title elementor-size-default\">Can Miguel Marti - Astbury Formentera<\/h4>\t\t<\/div>\n\t\t\t\t<\/div>\n\t\t\t\t\t<\/div>\n\t\t\t\t<\/div>\n\t\t<div class=\"elementor-element elementor-element-9e661fd e-flex e-con-boxed e-con e-parent\" data-id=\"9e661fd\" data-element_type=\"container\">\n\t\t\t\t\t<div class=\"e-con-inner\">\n\t\t\t\t<div class=\"elementor-element elementor-element-f5fc299 elementor-widget elementor-widget-text-editor\" data-id=\"f5fc299\" data-element_type=\"widget\" data-widget_type=\"text-editor.default\">\n\t\t\t\t<div class=\"elementor-widget-container\">\n\t\t\t\t\t\t\t<p><a href=\"https:\/\/www.astburyformentera.co.uk\/rentals\/holidays-rentals-rentals-p0\/tag-can-miguel-marti\/list-view\/\"><b>Can Miguel Marti Wohnungen <\/b><\/a>verf\u00fcgt \u00fcber <strong>13 charmante Bungalows<\/strong>, jeder mit einer <strong>privaten Terrasse<\/strong> und <strong>mitten in der Natur<\/strong>. Dieses friedliche, von Pinien und Palmen beschattete Refugium liegt nur 5 Gehminuten vom ruhigen <strong>Strand Ca Mar\u00ed<\/strong> in <strong>Migjorn<\/strong> entfernt.<\/p>\n<ul>\n<li><span style=\"font-weight: 400;\"> Unsere <strong>Bungalows mit<\/strong> <strong>einem<\/strong> oder <strong>zwei Schlafzimmern<\/strong> <strong>sind ideal f\u00fcr Paare<\/strong> oder <strong>kleine Familien<\/strong>. Sie bieten Platz f\u00fcr bis zu <strong>f\u00fcnf Personen<\/strong> und bieten einen entspannenden Raum, in dem Sie sich wohlf\u00fchlen.<\/span><\/li>\n<li><span style=\"font-weight: 400;\">Es bietet einen regelm\u00e4\u00dfigen Reinigungsservice, der von unserem<strong> Empfangsteam vor Ort<\/strong> durchgef\u00fchrt wird.<\/span><\/li>\n<li><span style=\"font-weight: 400;\">  Ein<strong> Supermarkt<\/strong> und ein charmantes <strong>Strandrestaurant<\/strong> sind nur 200 Meter entfernt und bieten die perfekte Balance zwischen friedlicher Natur und Bequemlichkeit.<\/span><\/li>\n<li>Weitere Details und die Verf\u00fcgbarkeit finden Sie <a href=\"https:\/\/www.astburyformentera.co.uk\/rentals\/bungalow-playa-de-migjorn-can-miguel-marti-bungalow-2-bedrooms-460182.html\" target=\"_blank\" rel=\"noopener\">hier.<\/a><\/li>\n<\/ul>\n\t\t\t\t\t\t<\/div>\n\t\t\t\t<\/div>\n\t\t\t\t\t<\/div>\n\t\t\t\t<\/div>\n\t\t<div class=\"elementor-element elementor-element-3738ba8 e-flex e-con-boxed e-con e-parent\" data-id=\"3738ba8\" data-element_type=\"container\">\n\t\t\t\t\t<div class=\"e-con-inner\">\n\t\t\t\t<div class=\"elementor-element elementor-element-ad12b12 elementor-widget elementor-widget-video\" data-id=\"ad12b12\" data-element_type=\"widget\" data-settings=\"{&quot;youtube_url&quot;:&quot;https:\\\/\\\/www.youtube.com\\\/watch?v=bg4qCdkO3k0&quot;,&quot;video_type&quot;:&quot;youtube&quot;,&quot;controls&quot;:&quot;yes&quot;}\" data-widget_type=\"video.default\">\n\t\t\t\t<div class=\"elementor-widget-container\">\n\t\t\t\t\t<div class=\"elementor-wrapper elementor-open-inline\">\n\t\t\t<div class=\"elementor-video\"><\/div>\t\t<\/div>\n\t\t\t\t<\/div>\n\t\t\t\t<\/div>\n\t\t\t\t\t<\/div>\n\t\t\t\t<\/div>\n\t\t<div class=\"elementor-element elementor-element-891c593 e-flex e-con-boxed e-con e-parent\" data-id=\"891c593\" data-element_type=\"container\">\n\t\t\t\t\t<div class=\"e-con-inner\">\n\t\t\t\t\t<\/div>\n\t\t\t\t<\/div>\n\t\t<div class=\"elementor-element elementor-element-79fbaa8 e-flex e-con-boxed e-con e-parent\" data-id=\"79fbaa8\" data-element_type=\"container\">\n\t\t\t\t\t<div class=\"e-con-inner\">\n\t\t\t\t<div class=\"elementor-element elementor-element-6592f86 elementor-widget elementor-widget-heading\" data-id=\"6592f86\" data-element_type=\"widget\" data-widget_type=\"heading.default\">\n\t\t\t\t<div class=\"elementor-widget-container\">\n\t\t\t<h4 class=\"elementor-heading-title elementor-size-default\">Es Cal\u00f3 'Campanitx' Villen &amp; Appartements - Astbury Formentera<\/h4>\t\t<\/div>\n\t\t\t\t<\/div>\n\t\t\t\t\t<\/div>\n\t\t\t\t<\/div>\n\t\t<div class=\"elementor-element elementor-element-da7af56 e-flex e-con-boxed e-con e-parent\" data-id=\"da7af56\" data-element_type=\"container\">\n\t\t\t\t\t<div class=\"e-con-inner\">\n\t\t\t\t<div class=\"elementor-element elementor-element-10fbafa elementor-widget elementor-widget-text-editor\" data-id=\"10fbafa\" data-element_type=\"widget\" data-widget_type=\"text-editor.default\">\n\t\t\t\t<div class=\"elementor-widget-container\">\n\t\t\t\t\t\t\t<p>Es liegt nur wenige Schritte vom charmanten <strong>Hafen<\/strong> und <strong>Strand<\/strong> <strong><a href=\"https:\/\/www.astburyformentera.de\/blog\/es-calo-ein-bezauberndes-dorf-und-ein-muss-fuer-den-strand-von-formentera\/\" target=\"_blank\" rel=\"noopener\">von Es Cal\u00f3<\/a><\/strong> entfernt, <a href=\"https:\/\/www.astburyformentera.co.uk\/rentals\/holidays-rentals-rentals-p0\/?FRMNombre=campanitx\"><strong>Campanitx<\/strong> <strong>Villen<\/strong> <strong>&amp; Apartments<\/strong><\/a> bieten eine Auswahl an modernen, gut ausgestatteten Unterk\u00fcnften in einer der ruhigsten und sch\u00f6nsten Gegenden <strong>Formenteras<\/strong>.<\/p>\n<div class=\"flex max-w-full flex-col flex-grow\">\n<div class=\"min-h-8 text-message flex w-full flex-col items-end gap-2 whitespace-normal break-words text-start [.text-message+&amp;]:mt-5\" dir=\"auto\" data-message-author-role=\"assistant\" data-message-id=\"27a40121-569e-4ef7-b990-90d3bcebb09b\" data-message-model-slug=\"gpt-4o\">\n<div class=\"flex w-full flex-col gap-1 empty:hidden first:pt-[3px]\">\n<div class=\"markdown prose w-full break-words dark:prose-invert light\">\n<p>Die <strong>Es Cal\u00f3 &#8218;Campanitx&#8216; Villas &amp; Apartments <\/strong>bestehen aus <strong>8 Immobilien<\/strong>:<\/p>\n<ul>\n<li>5 freistehende Villen im Pinienwald von Es Cal\u00f3, mit 1 oder 2 Schlafzimmern.<\/li>\n<li>3 Apartments in einer umgebauten Brennerei im Zentrum von Es Cal\u00f3 mit 1 oder 2 Schlafzimmern.<\/li>\n<li>F\u00fcr weitere Details und zur \u00dcberpr\u00fcfung der Verf\u00fcgbarkeit klicken Sie <a href=\"https:\/\/www.astburyformentera.co.uk\/rentals\/holidays-rentals-rentals-p0\/tag-es-calo\/\" target=\"_blank\" rel=\"noopener\">hier<\/a><\/li>\n<\/ul>\n<\/div>\n<\/div>\n<\/div>\n<\/div>\n\t\t\t\t\t\t<\/div>\n\t\t\t\t<\/div>\n\t\t\t\t\t<\/div>\n\t\t\t\t<\/div>\n\t\t<div class=\"elementor-element elementor-element-d50a019 e-flex e-con-boxed e-con e-parent\" data-id=\"d50a019\" data-element_type=\"container\">\n\t\t\t\t\t<div class=\"e-con-inner\">\n\t\t\t\t<div class=\"elementor-element elementor-element-2bb68b8 elementor-widget elementor-widget-video\" data-id=\"2bb68b8\" data-element_type=\"widget\" data-settings=\"{&quot;youtube_url&quot;:&quot;https:\\\/\\\/www.youtube.com\\\/watch?v=XJVVpgccRzA&quot;,&quot;video_type&quot;:&quot;youtube&quot;,&quot;controls&quot;:&quot;yes&quot;}\" data-widget_type=\"video.default\">\n\t\t\t\t<div class=\"elementor-widget-container\">\n\t\t\t\t\t<div class=\"elementor-wrapper elementor-open-inline\">\n\t\t\t<div class=\"elementor-video\"><\/div>\t\t<\/div>\n\t\t\t\t<\/div>\n\t\t\t\t<\/div>\n\t\t\t\t\t<\/div>\n\t\t\t\t<\/div>\n\t\t<div class=\"elementor-element elementor-element-b7ad806 e-flex e-con-boxed e-con e-parent\" data-id=\"b7ad806\" data-element_type=\"container\">\n\t\t\t\t\t<div class=\"e-con-inner\">\n\t\t\t\t<div class=\"elementor-element elementor-element-5cc856a elementor-widget elementor-widget-heading\" data-id=\"5cc856a\" data-element_type=\"widget\" data-widget_type=\"heading.default\">\n\t\t\t\t<div class=\"elementor-widget-container\">\n\t\t\t<h4 class=\"elementor-heading-title elementor-size-default\">Sind Sie bereit, Ihren Osterurlaub 2025 auf Formentera zu planen?<\/h4>\t\t<\/div>\n\t\t\t\t<\/div>\n\t\t\t\t\t<\/div>\n\t\t\t\t<\/div>\n\t\t<div class=\"elementor-element elementor-element-5f26fd0 e-flex e-con-boxed e-con e-parent\" data-id=\"5f26fd0\" data-element_type=\"container\">\n\t\t\t\t\t<div class=\"e-con-inner\">\n\t\t\t\t<div class=\"elementor-element elementor-element-0b65ebc elementor-widget elementor-widget-text-editor\" data-id=\"0b65ebc\" data-element_type=\"widget\" data-widget_type=\"text-editor.default\">\n\t\t\t\t<div class=\"elementor-widget-container\">\n\t\t\t\t\t\t\t<p>Wir hoffen, dass Ihnen dieser Beitrag gefallen hat und dass er Sie dazu inspiriert hat, den Zauber <strong>Formenteras<\/strong> w\u00e4hrend der <strong>Osterzeit<\/strong> zu entdecken. Die Immobilien, die wir Ihnen vorgestellt haben, sind nur ein kleiner Ausschnitt der vielen sch\u00f6nen M\u00f6glichkeiten, die wir anbieten. <\/p>\n<p>Jetzt, wo Sie Ihren <strong>Osterurlaub 2026<\/strong> planen, k\u00f6nnen wir es kaum erwarten, Sie in einer unserer Unterk\u00fcnfte zu begr\u00fc\u00dfen und mit Ihnen die Sch\u00f6nheit <strong>Formenteras<\/strong> zu teilen.<\/p>\n\t\t\t\t\t\t<\/div>\n\t\t\t\t<\/div>\n\t\t\t\t\t<\/div>\n\t\t\t\t<\/div>\n\t\t\t\t<\/div>\n\t\t","protected":false},"excerpt":{"rendered":"<p>Warum Formentera perfekt f\u00fcr Ihre Osterferien 2026 ist (und wo Sie wohnen k\u00f6nnen) Wenn Sie an Formentera denken, denken Sie&#8230;<\/p>\n","protected":false},"author":2,"featured_media":2118,"comment_status":"closed","ping_status":"closed","sticky":false,"template":"","format":"standard","meta":{"footnotes":""},"categories":[67,5],"tags":[],"class_list":["post-2276","post","type-post","status-publish","format-standard","has-post-thumbnail","hentry","category-entdecken-sie-formentera-ihr-reisefuhrer","category-unkategorisiert"],"yoast_head":"<!-- This site is optimized with the Yoast SEO plugin v22.8 - https:\/\/yoast.com\/wordpress\/plugins\/seo\/ -->\n<title>Formentera zu Ostern: Ihr Reisef\u00fchrer 2025 | Astbury Formentera<\/title>\n<meta name=\"description\" content=\"Entdecken Sie Formentera an Ostern 2025! Entfliehen Sie den Menschenmassen des Sommers und entdecken Sie ruhige Str\u00e4nde, malerische Wanderwege und lebendige Fr\u00fchlingslandschaften. Hier sind 6 Gr\u00fcnde, warum Ostern die perfekte Zeit f\u00fcr einen Besuch ist.\" \/>\n<meta name=\"robots\" content=\"index, follow, max-snippet:-1, max-image-preview:large, max-video-preview:-1\" \/>\n<link rel=\"canonical\" href=\"https:\/\/www.astburyformentera.de\/blog\/why-formentera-is-perfect-for-your-easter-break-2025\/\" \/>\n<meta property=\"og:locale\" content=\"de_DE\" \/>\n<meta property=\"og:type\" content=\"article\" \/>\n<meta property=\"og:title\" content=\"Formentera zu Ostern: Ihr Reisef\u00fchrer 2025 | Astbury Formentera\" \/>\n<meta property=\"og:description\" content=\"Entdecken Sie Formentera an Ostern 2025! Entfliehen Sie den Menschenmassen des Sommers und entdecken Sie ruhige Str\u00e4nde, malerische Wanderwege und lebendige Fr\u00fchlingslandschaften. Hier sind 6 Gr\u00fcnde, warum Ostern die perfekte Zeit f\u00fcr einen Besuch ist.\" \/>\n<meta property=\"og:url\" content=\"https:\/\/www.astburyformentera.de\/blog\/why-formentera-is-perfect-for-your-easter-break-2025\/\" \/>\n<meta property=\"og:site_name\" content=\"Island Life\" \/>\n<meta property=\"article:publisher\" content=\"https:\/\/www.facebook.com\/formentera.astbury\/\" \/>\n<meta property=\"article:published_time\" content=\"2024-12-26T16:04:58+00:00\" \/>\n<meta property=\"article:modified_time\" content=\"2025-12-22T16:21:30+00:00\" \/>\n<meta property=\"og:image\" content=\"https:\/\/www.astburyformentera.pt\/blog\/wp-content\/uploads\/2024\/12\/anna_lizard_photo.webp\" \/>\n\t<meta property=\"og:image:width\" content=\"2312\" \/>\n\t<meta property=\"og:image:height\" content=\"1535\" \/>\n\t<meta property=\"og:image:type\" content=\"image\/jpeg\" \/>\n<meta name=\"author\" content=\"astburyformentera\" \/>\n<meta name=\"twitter:card\" content=\"summary_large_image\" \/>\n<meta name=\"twitter:label1\" content=\"Verfasst von\" \/>\n\t<meta name=\"twitter:data1\" content=\"astburyformentera\" \/>\n\t<meta name=\"twitter:label2\" content=\"Gesch\u00e4tzte Lesezeit\" \/>\n\t<meta name=\"twitter:data2\" content=\"9\u00a0Minuten\" \/>\n<script type=\"application\/ld+json\" class=\"yoast-schema-graph\">{\"@context\":\"https:\/\/schema.org\",\"@graph\":[{\"@type\":\"Article\",\"@id\":\"https:\/\/www.astburyformentera.de\/blog\/why-formentera-is-perfect-for-your-easter-break-2025\/#article\",\"isPartOf\":{\"@id\":\"https:\/\/www.astburyformentera.de\/blog\/why-formentera-is-perfect-for-your-easter-break-2025\/\"},\"author\":{\"name\":\"astburyformentera\",\"@id\":\"https:\/\/www.astburyformentera.de\/blog\/#\/schema\/person\/3b7960663a62d882614d380312b77245\"},\"headline\":\"Warum Formentera perfekt f\u00fcr Ihren Osterurlaub ist 2026\",\"datePublished\":\"2024-12-26T16:04:58+00:00\",\"dateModified\":\"2025-12-22T16:21:30+00:00\",\"mainEntityOfPage\":{\"@id\":\"https:\/\/www.astburyformentera.de\/blog\/why-formentera-is-perfect-for-your-easter-break-2025\/\"},\"wordCount\":1604,\"publisher\":{\"@id\":\"https:\/\/www.astburyformentera.de\/blog\/#organization\"},\"image\":{\"@id\":\"https:\/\/www.astburyformentera.de\/blog\/why-formentera-is-perfect-for-your-easter-break-2025\/#primaryimage\"},\"thumbnailUrl\":\"https:\/\/www.astburyformentera.de\/blog\/wp-content\/uploads\/2024\/12\/anna_lizard_photo.webp\",\"articleSection\":[\"Entdecken Sie Formentera: Ihr Reisef\u00fchrer\",\"Unkategorisiert\"],\"inLanguage\":\"de\"},{\"@type\":\"WebPage\",\"@id\":\"https:\/\/www.astburyformentera.de\/blog\/why-formentera-is-perfect-for-your-easter-break-2025\/\",\"url\":\"https:\/\/www.astburyformentera.de\/blog\/why-formentera-is-perfect-for-your-easter-break-2025\/\",\"name\":\"Formentera zu Ostern: Ihr Reisef\u00fchrer 2025 | Astbury Formentera\",\"isPartOf\":{\"@id\":\"https:\/\/www.astburyformentera.de\/blog\/#website\"},\"primaryImageOfPage\":{\"@id\":\"https:\/\/www.astburyformentera.de\/blog\/why-formentera-is-perfect-for-your-easter-break-2025\/#primaryimage\"},\"image\":{\"@id\":\"https:\/\/www.astburyformentera.de\/blog\/why-formentera-is-perfect-for-your-easter-break-2025\/#primaryimage\"},\"thumbnailUrl\":\"https:\/\/www.astburyformentera.de\/blog\/wp-content\/uploads\/2024\/12\/anna_lizard_photo.webp\",\"datePublished\":\"2024-12-26T16:04:58+00:00\",\"dateModified\":\"2025-12-22T16:21:30+00:00\",\"description\":\"Entdecken Sie Formentera an Ostern 2025! Entfliehen Sie den Menschenmassen des Sommers und entdecken Sie ruhige Str\u00e4nde, malerische Wanderwege und lebendige Fr\u00fchlingslandschaften. Hier sind 6 Gr\u00fcnde, warum Ostern die perfekte Zeit f\u00fcr einen Besuch ist.\",\"breadcrumb\":{\"@id\":\"https:\/\/www.astburyformentera.de\/blog\/why-formentera-is-perfect-for-your-easter-break-2025\/#breadcrumb\"},\"inLanguage\":\"de\",\"potentialAction\":[{\"@type\":\"ReadAction\",\"target\":[\"https:\/\/www.astburyformentera.de\/blog\/why-formentera-is-perfect-for-your-easter-break-2025\/\"]}]},{\"@type\":\"ImageObject\",\"inLanguage\":\"de\",\"@id\":\"https:\/\/www.astburyformentera.de\/blog\/why-formentera-is-perfect-for-your-easter-break-2025\/#primaryimage\",\"url\":\"https:\/\/www.astburyformentera.de\/blog\/wp-content\/uploads\/2024\/12\/anna_lizard_photo.webp\",\"contentUrl\":\"https:\/\/www.astburyformentera.de\/blog\/wp-content\/uploads\/2024\/12\/anna_lizard_photo.webp\",\"width\":2312,\"height\":1535,\"caption\":\"Formentera's endemic species of green lizard\"},{\"@type\":\"BreadcrumbList\",\"@id\":\"https:\/\/www.astburyformentera.de\/blog\/why-formentera-is-perfect-for-your-easter-break-2025\/#breadcrumb\",\"itemListElement\":[{\"@type\":\"ListItem\",\"position\":1,\"name\":\"Home\",\"item\":\"https:\/\/www.astburyformentera.de\/blog\/\"},{\"@type\":\"ListItem\",\"position\":2,\"name\":\"Warum Formentera perfekt f\u00fcr Ihren Osterurlaub ist 2026\"}]},{\"@type\":\"WebSite\",\"@id\":\"https:\/\/www.astburyformentera.de\/blog\/#website\",\"url\":\"https:\/\/www.astburyformentera.de\/blog\/\",\"name\":\"Island Life\",\"description\":\"Astbury Formentera\",\"publisher\":{\"@id\":\"https:\/\/www.astburyformentera.de\/blog\/#organization\"},\"potentialAction\":[{\"@type\":\"SearchAction\",\"target\":{\"@type\":\"EntryPoint\",\"urlTemplate\":\"https:\/\/www.astburyformentera.de\/blog\/?s={search_term_string}\"},\"query-input\":\"required name=search_term_string\"}],\"inLanguage\":\"de\"},{\"@type\":\"Organization\",\"@id\":\"https:\/\/www.astburyformentera.de\/blog\/#organization\",\"name\":\"Astbury Formentera\",\"url\":\"https:\/\/www.astburyformentera.de\/blog\/\",\"logo\":{\"@type\":\"ImageObject\",\"inLanguage\":\"de\",\"@id\":\"https:\/\/www.astburyformentera.de\/blog\/#\/schema\/logo\/image\/\",\"url\":\"https:\/\/www.astburyformentera.de\/blog\/wp-content\/uploads\/2024\/06\/Astbury_Main_Logo.jpg\",\"contentUrl\":\"https:\/\/www.astburyformentera.de\/blog\/wp-content\/uploads\/2024\/06\/Astbury_Main_Logo.jpg\",\"width\":591,\"height\":794,\"caption\":\"Astbury Formentera\"},\"image\":{\"@id\":\"https:\/\/www.astburyformentera.de\/blog\/#\/schema\/logo\/image\/\"},\"sameAs\":[\"https:\/\/www.facebook.com\/formentera.astbury\/\",\"https:\/\/www.instagram.com\/astburyformentera\/\"]},{\"@type\":\"Person\",\"@id\":\"https:\/\/www.astburyformentera.de\/blog\/#\/schema\/person\/3b7960663a62d882614d380312b77245\",\"name\":\"astburyformentera\",\"image\":{\"@type\":\"ImageObject\",\"inLanguage\":\"de\",\"@id\":\"https:\/\/www.astburyformentera.de\/blog\/#\/schema\/person\/image\/\",\"url\":\"https:\/\/secure.gravatar.com\/avatar\/e7a2190fae75b01f080821e9e7053a7d131f6f71b9d3654542a5a42f29c8a000?s=96&d=mm&r=g\",\"contentUrl\":\"https:\/\/secure.gravatar.com\/avatar\/e7a2190fae75b01f080821e9e7053a7d131f6f71b9d3654542a5a42f29c8a000?s=96&d=mm&r=g\",\"caption\":\"astburyformentera\"},\"url\":\"https:\/\/www.astburyformentera.de\/blog\/author\/astburyformentera\/\"}]}<\/script>\n<!-- \/ Yoast SEO plugin. -->","yoast_head_json":{"title":"Formentera zu Ostern: Ihr Reisef\u00fchrer 2025 | Astbury Formentera","description":"Entdecken Sie Formentera an Ostern 2025! Entfliehen Sie den Menschenmassen des Sommers und entdecken Sie ruhige Str\u00e4nde, malerische Wanderwege und lebendige Fr\u00fchlingslandschaften. Hier sind 6 Gr\u00fcnde, warum Ostern die perfekte Zeit f\u00fcr einen Besuch ist.","robots":{"index":"index","follow":"follow","max-snippet":"max-snippet:-1","max-image-preview":"max-image-preview:large","max-video-preview":"max-video-preview:-1"},"canonical":"https:\/\/www.astburyformentera.de\/blog\/why-formentera-is-perfect-for-your-easter-break-2025\/","og_locale":"de_DE","og_type":"article","og_title":"Formentera zu Ostern: Ihr Reisef\u00fchrer 2025 | Astbury Formentera","og_description":"Entdecken Sie Formentera an Ostern 2025! Entfliehen Sie den Menschenmassen des Sommers und entdecken Sie ruhige Str\u00e4nde, malerische Wanderwege und lebendige Fr\u00fchlingslandschaften. Hier sind 6 Gr\u00fcnde, warum Ostern die perfekte Zeit f\u00fcr einen Besuch ist.","og_url":"https:\/\/www.astburyformentera.de\/blog\/why-formentera-is-perfect-for-your-easter-break-2025\/","og_site_name":"Island Life","article_publisher":"https:\/\/www.facebook.com\/formentera.astbury\/","article_published_time":"2024-12-26T16:04:58+00:00","article_modified_time":"2025-12-22T16:21:30+00:00","og_image":[{"width":2312,"height":1535,"url":"https:\/\/www.astburyformentera.pt\/blog\/wp-content\/uploads\/2024\/12\/anna_lizard_photo.webp","type":"image\/jpeg"}],"author":"astburyformentera","twitter_card":"summary_large_image","twitter_misc":{"Verfasst von":"astburyformentera","Gesch\u00e4tzte Lesezeit":"9\u00a0Minuten"},"schema":{"@context":"https:\/\/schema.org","@graph":[{"@type":"Article","@id":"https:\/\/www.astburyformentera.de\/blog\/why-formentera-is-perfect-for-your-easter-break-2025\/#article","isPartOf":{"@id":"https:\/\/www.astburyformentera.de\/blog\/why-formentera-is-perfect-for-your-easter-break-2025\/"},"author":{"name":"astburyformentera","@id":"https:\/\/www.astburyformentera.de\/blog\/#\/schema\/person\/3b7960663a62d882614d380312b77245"},"headline":"Warum Formentera perfekt f\u00fcr Ihren Osterurlaub ist 2026","datePublished":"2024-12-26T16:04:58+00:00","dateModified":"2025-12-22T16:21:30+00:00","mainEntityOfPage":{"@id":"https:\/\/www.astburyformentera.de\/blog\/why-formentera-is-perfect-for-your-easter-break-2025\/"},"wordCount":1604,"publisher":{"@id":"https:\/\/www.astburyformentera.de\/blog\/#organization"},"image":{"@id":"https:\/\/www.astburyformentera.de\/blog\/why-formentera-is-perfect-for-your-easter-break-2025\/#primaryimage"},"thumbnailUrl":"https:\/\/www.astburyformentera.de\/blog\/wp-content\/uploads\/2024\/12\/anna_lizard_photo.webp","articleSection":["Entdecken Sie Formentera: Ihr Reisef\u00fchrer","Unkategorisiert"],"inLanguage":"de"},{"@type":"WebPage","@id":"https:\/\/www.astburyformentera.de\/blog\/why-formentera-is-perfect-for-your-easter-break-2025\/","url":"https:\/\/www.astburyformentera.de\/blog\/why-formentera-is-perfect-for-your-easter-break-2025\/","name":"Formentera zu Ostern: Ihr Reisef\u00fchrer 2025 | Astbury Formentera","isPartOf":{"@id":"https:\/\/www.astburyformentera.de\/blog\/#website"},"primaryImageOfPage":{"@id":"https:\/\/www.astburyformentera.de\/blog\/why-formentera-is-perfect-for-your-easter-break-2025\/#primaryimage"},"image":{"@id":"https:\/\/www.astburyformentera.de\/blog\/why-formentera-is-perfect-for-your-easter-break-2025\/#primaryimage"},"thumbnailUrl":"https:\/\/www.astburyformentera.de\/blog\/wp-content\/uploads\/2024\/12\/anna_lizard_photo.webp","datePublished":"2024-12-26T16:04:58+00:00","dateModified":"2025-12-22T16:21:30+00:00","description":"Entdecken Sie Formentera an Ostern 2025! Entfliehen Sie den Menschenmassen des Sommers und entdecken Sie ruhige Str\u00e4nde, malerische Wanderwege und lebendige Fr\u00fchlingslandschaften. Hier sind 6 Gr\u00fcnde, warum Ostern die perfekte Zeit f\u00fcr einen Besuch ist.","breadcrumb":{"@id":"https:\/\/www.astburyformentera.de\/blog\/why-formentera-is-perfect-for-your-easter-break-2025\/#breadcrumb"},"inLanguage":"de","potentialAction":[{"@type":"ReadAction","target":["https:\/\/www.astburyformentera.de\/blog\/why-formentera-is-perfect-for-your-easter-break-2025\/"]}]},{"@type":"ImageObject","inLanguage":"de","@id":"https:\/\/www.astburyformentera.de\/blog\/why-formentera-is-perfect-for-your-easter-break-2025\/#primaryimage","url":"https:\/\/www.astburyformentera.de\/blog\/wp-content\/uploads\/2024\/12\/anna_lizard_photo.webp","contentUrl":"https:\/\/www.astburyformentera.de\/blog\/wp-content\/uploads\/2024\/12\/anna_lizard_photo.webp","width":2312,"height":1535,"caption":"Formentera's endemic species of green lizard"},{"@type":"BreadcrumbList","@id":"https:\/\/www.astburyformentera.de\/blog\/why-formentera-is-perfect-for-your-easter-break-2025\/#breadcrumb","itemListElement":[{"@type":"ListItem","position":1,"name":"Home","item":"https:\/\/www.astburyformentera.de\/blog\/"},{"@type":"ListItem","position":2,"name":"Warum Formentera perfekt f\u00fcr Ihren Osterurlaub ist 2026"}]},{"@type":"WebSite","@id":"https:\/\/www.astburyformentera.de\/blog\/#website","url":"https:\/\/www.astburyformentera.de\/blog\/","name":"Island Life","description":"Astbury Formentera","publisher":{"@id":"https:\/\/www.astburyformentera.de\/blog\/#organization"},"potentialAction":[{"@type":"SearchAction","target":{"@type":"EntryPoint","urlTemplate":"https:\/\/www.astburyformentera.de\/blog\/?s={search_term_string}"},"query-input":"required name=search_term_string"}],"inLanguage":"de"},{"@type":"Organization","@id":"https:\/\/www.astburyformentera.de\/blog\/#organization","name":"Astbury Formentera","url":"https:\/\/www.astburyformentera.de\/blog\/","logo":{"@type":"ImageObject","inLanguage":"de","@id":"https:\/\/www.astburyformentera.de\/blog\/#\/schema\/logo\/image\/","url":"https:\/\/www.astburyformentera.de\/blog\/wp-content\/uploads\/2024\/06\/Astbury_Main_Logo.jpg","contentUrl":"https:\/\/www.astburyformentera.de\/blog\/wp-content\/uploads\/2024\/06\/Astbury_Main_Logo.jpg","width":591,"height":794,"caption":"Astbury Formentera"},"image":{"@id":"https:\/\/www.astburyformentera.de\/blog\/#\/schema\/logo\/image\/"},"sameAs":["https:\/\/www.facebook.com\/formentera.astbury\/","https:\/\/www.instagram.com\/astburyformentera\/"]},{"@type":"Person","@id":"https:\/\/www.astburyformentera.de\/blog\/#\/schema\/person\/3b7960663a62d882614d380312b77245","name":"astburyformentera","image":{"@type":"ImageObject","inLanguage":"de","@id":"https:\/\/www.astburyformentera.de\/blog\/#\/schema\/person\/image\/","url":"https:\/\/secure.gravatar.com\/avatar\/e7a2190fae75b01f080821e9e7053a7d131f6f71b9d3654542a5a42f29c8a000?s=96&d=mm&r=g","contentUrl":"https:\/\/secure.gravatar.com\/avatar\/e7a2190fae75b01f080821e9e7053a7d131f6f71b9d3654542a5a42f29c8a000?s=96&d=mm&r=g","caption":"astburyformentera"},"url":"https:\/\/www.astburyformentera.de\/blog\/author\/astburyformentera\/"}]}},"_links":{"self":[{"href":"https:\/\/www.astburyformentera.de\/blog\/wp-json\/wp\/v2\/posts\/2276","targetHints":{"allow":["GET"]}}],"collection":[{"href":"https:\/\/www.astburyformentera.de\/blog\/wp-json\/wp\/v2\/posts"}],"about":[{"href":"https:\/\/www.astburyformentera.de\/blog\/wp-json\/wp\/v2\/types\/post"}],"author":[{"embeddable":true,"href":"https:\/\/www.astburyformentera.de\/blog\/wp-json\/wp\/v2\/users\/2"}],"replies":[{"embeddable":true,"href":"https:\/\/www.astburyformentera.de\/blog\/wp-json\/wp\/v2\/comments?post=2276"}],"version-history":[{"count":9,"href":"https:\/\/www.astburyformentera.de\/blog\/wp-json\/wp\/v2\/posts\/2276\/revisions"}],"predecessor-version":[{"id":3234,"href":"https:\/\/www.astburyformentera.de\/blog\/wp-json\/wp\/v2\/posts\/2276\/revisions\/3234"}],"wp:featuredmedia":[{"embeddable":true,"href":"https:\/\/www.astburyformentera.de\/blog\/wp-json\/wp\/v2\/media\/2118"}],"wp:attachment":[{"href":"https:\/\/www.astburyformentera.de\/blog\/wp-json\/wp\/v2\/media?parent=2276"}],"wp:term":[{"taxonomy":"category","embeddable":true,"href":"https:\/\/www.astburyformentera.de\/blog\/wp-json\/wp\/v2\/categories?post=2276"},{"taxonomy":"post_tag","embeddable":true,"href":"https:\/\/www.astburyformentera.de\/blog\/wp-json\/wp\/v2\/tags?post=2276"}],"curies":[{"name":"wp","href":"https:\/\/api.w.org\/{rel}","templated":true}]}}