
{"id":3180,"date":"2025-09-25T13:25:27","date_gmt":"2025-09-25T13:25:27","guid":{"rendered":"https:\/\/www.astburyformentera.co.uk\/blog\/sant-ferran-de-ses-roques-entdecken-sie-formenteras-kreatives-dorf\/"},"modified":"2025-12-09T11:40:38","modified_gmt":"2025-12-09T11:40:38","slug":"sant-ferran-de-ses-roques-entdecken-sie-formenteras-kreatives-dorf","status":"publish","type":"post","link":"https:\/\/www.astburyformentera.de\/blog\/sant-ferran-de-ses-roques-entdecken-sie-formenteras-kreatives-dorf\/","title":{"rendered":"Sant Ferran de Ses Roques: Entdecken Sie Formenteras kreatives Dorf"},"content":{"rendered":"\t\t<div data-elementor-type=\"wp-post\" data-elementor-id=\"3180\" class=\"elementor elementor-3180 elementor-2996\">\n\t\t\t\t<div class=\"elementor-element elementor-element-8379353 e-flex e-con-boxed e-con e-parent\" data-id=\"8379353\" data-element_type=\"container\">\n\t\t\t\t\t<div class=\"e-con-inner\">\n\t\t\t\t<div class=\"elementor-element elementor-element-c64fa8d elementor-widget elementor-widget-heading\" data-id=\"c64fa8d\" data-element_type=\"widget\" data-widget_type=\"heading.default\">\n\t\t\t\t<div class=\"elementor-widget-container\">\n\t\t\t<style>\/*! elementor - v3.23.0 - 15-07-2024 *\/\n.elementor-heading-title{padding:0;margin:0;line-height:1}.elementor-widget-heading .elementor-heading-title[class*=elementor-size-]>a{color:inherit;font-size:inherit;line-height:inherit}.elementor-widget-heading .elementor-heading-title.elementor-size-small{font-size:15px}.elementor-widget-heading .elementor-heading-title.elementor-size-medium{font-size:19px}.elementor-widget-heading .elementor-heading-title.elementor-size-large{font-size:29px}.elementor-widget-heading .elementor-heading-title.elementor-size-xl{font-size:39px}.elementor-widget-heading .elementor-heading-title.elementor-size-xxl{font-size:59px}<\/style><h1 class=\"elementor-heading-title elementor-size-default\">Sant Ferran de Ses Roques: Entdecken Sie Formenteras kreatives Dorf<\/h1>\t\t<\/div>\n\t\t\t\t<\/div>\n\t\t\t\t\t<\/div>\n\t\t\t\t<\/div>\n\t\t<div class=\"elementor-element elementor-element-73248316 e-flex e-con-boxed e-con e-parent\" data-id=\"73248316\" data-element_type=\"container\">\n\t\t\t\t\t<div class=\"e-con-inner\">\n\t\t\t\t<div class=\"elementor-element elementor-element-5dd561e7 elementor-widget elementor-widget-text-editor\" data-id=\"5dd561e7\" data-element_type=\"widget\" data-widget_type=\"text-editor.default\">\n\t\t\t\t<div class=\"elementor-widget-container\">\n\t\t\t<style>\/*! elementor - v3.23.0 - 15-07-2024 *\/\n.elementor-widget-text-editor.elementor-drop-cap-view-stacked .elementor-drop-cap{background-color:#69727d;color:#fff}.elementor-widget-text-editor.elementor-drop-cap-view-framed .elementor-drop-cap{color:#69727d;border:3px solid;background-color:transparent}.elementor-widget-text-editor:not(.elementor-drop-cap-view-default) .elementor-drop-cap{margin-top:8px}.elementor-widget-text-editor:not(.elementor-drop-cap-view-default) .elementor-drop-cap-letter{width:1em;height:1em}.elementor-widget-text-editor .elementor-drop-cap{float:left;text-align:center;line-height:1;font-size:50px}.elementor-widget-text-editor .elementor-drop-cap-letter{display:inline-block}<\/style>\t\t\t\t<p>Im Herzen von <strong>Formentera<\/strong> gibt es ein <a href=\"https:\/\/www.astburyformentera.de\/blog\/ein-fuehrer-zu-den-6-besten-doerfern-auf-formentera\/\"><strong>Dorf<\/strong><\/a> mit einer authentischen und freigeistigen Seele: <strong>Sant Ferran de Ses Roques<\/strong>.<\/p>\n<p><strong>Sant Ferran de Ses Roques<\/strong> wurde in den <strong>1960er Jahren<\/strong> zur Heimat der <strong>Hippie-Bewegung<\/strong> und auch heute noch ist der <strong>kreative<\/strong> und <strong>b\u00f6hmische Geist<\/strong> in den lebhaften Stra\u00dfen, Open-Air-Konzerten, Kunsthandwerkerm\u00e4rkten und langen Sommern\u00e4chten lebendig.<\/p>\n<p>Wenn Sie <strong>Formentera \u00fcber die Str\u00e4nde hinaus erleben<\/strong> m\u00f6chten, finden Sie hier <strong>5 Gr\u00fcnde, warum Sant Ferran auf Ihrer Reiseroute liegen sollte.<\/strong><\/p>\n\t\t\t\t\t\t<\/div>\n\t\t\t\t<\/div>\n\t\t\t\t\t<\/div>\n\t\t\t\t<\/div>\n\t\t<div class=\"elementor-element elementor-element-7bea64c e-flex e-con-boxed e-con e-parent\" data-id=\"7bea64c\" data-element_type=\"container\">\n\t\t\t\t\t<div class=\"e-con-inner\">\n\t\t\t\t<div class=\"elementor-element elementor-element-33347e7 elementor-widget elementor-widget-image\" data-id=\"33347e7\" data-element_type=\"widget\" data-widget_type=\"image.default\">\n\t\t\t\t<div class=\"elementor-widget-container\">\n\t\t\t<style>\/*! elementor - v3.23.0 - 15-07-2024 *\/\n.elementor-widget-image{text-align:center}.elementor-widget-image a{display:inline-block}.elementor-widget-image a img[src$=\".svg\"]{width:48px}.elementor-widget-image img{vertical-align:middle;display:inline-block}<\/style>\t\t\t\t\t\t\t<figure class=\"wp-caption\">\n\t\t\t\t\t\t\t\t\t\t<img fetchpriority=\"high\" decoding=\"async\" width=\"2048\" height=\"1536\" src=\"https:\/\/www.astburyformentera.de\/blog\/wp-content\/uploads\/2025\/09\/san-ferran-formentera-church-square.webp\" class=\"attachment-full size-full wp-image-3052\" alt=\"Night view of the Church of Sant Ferran de ses Roques illuminated in the main square of Sant Ferran de ses Roques, Formentera.\" srcset=\"https:\/\/www.astburyformentera.de\/blog\/wp-content\/uploads\/2025\/09\/san-ferran-formentera-church-square.webp 2048w, https:\/\/www.astburyformentera.de\/blog\/wp-content\/uploads\/2025\/09\/san-ferran-formentera-church-square-768x576.webp 768w, https:\/\/www.astburyformentera.de\/blog\/wp-content\/uploads\/2025\/09\/san-ferran-formentera-church-square-1536x1152.webp 1536w\" sizes=\"(max-width: 2048px) 100vw, 2048px\" \/>\t\t\t\t\t\t\t\t\t\t\t<figcaption class=\"widget-image-caption wp-caption-text\">The Church of Sant Ferran de ses Roques andits main square at nighttime, Formentera,<\/figcaption>\n\t\t\t\t\t\t\t\t\t\t<\/figure>\n\t\t\t\t\t\t\t<\/div>\n\t\t\t\t<\/div>\n\t\t\t\t\t<\/div>\n\t\t\t\t<\/div>\n\t\t<div class=\"elementor-element elementor-element-75e959d e-flex e-con-boxed e-con e-parent\" data-id=\"75e959d\" data-element_type=\"container\">\n\t\t\t\t\t<div class=\"e-con-inner\">\n\t\t\t\t<div class=\"elementor-element elementor-element-5dbed43 elementor-widget elementor-widget-heading\" data-id=\"5dbed43\" data-element_type=\"widget\" data-widget_type=\"heading.default\">\n\t\t\t\t<div class=\"elementor-widget-container\">\n\t\t\t<h2 class=\"elementor-heading-title elementor-size-default\">5 Gr\u00fcnde f\u00fcr einen Besuch von Sant Ferran de Ses Roques auf Formentera<\/h2>\t\t<\/div>\n\t\t\t\t<\/div>\n\t\t\t\t\t<\/div>\n\t\t\t\t<\/div>\n\t\t<div class=\"elementor-element elementor-element-a56a2ed e-flex e-con-boxed e-con e-parent\" data-id=\"a56a2ed\" data-element_type=\"container\">\n\t\t\t\t\t<div class=\"e-con-inner\">\n\t\t\t\t<div class=\"elementor-element elementor-element-33da324 elementor-widget elementor-widget-heading\" data-id=\"33da324\" data-element_type=\"widget\" data-widget_type=\"heading.default\">\n\t\t\t\t<div class=\"elementor-widget-container\">\n\t\t\t<h3 class=\"elementor-heading-title elementor-size-default\">1. Das Hippie-Herz von Formentera\n<\/h3>\t\t<\/div>\n\t\t\t\t<\/div>\n\t\t\t\t\t<\/div>\n\t\t\t\t<\/div>\n\t\t<div class=\"elementor-element elementor-element-3936c29 e-flex e-con-boxed e-con e-parent\" data-id=\"3936c29\" data-element_type=\"container\">\n\t\t\t\t\t<div class=\"e-con-inner\">\n\t\t\t\t<div class=\"elementor-element elementor-element-fd0b728 elementor-widget elementor-widget-text-editor\" data-id=\"fd0b728\" data-element_type=\"widget\" data-widget_type=\"text-editor.default\">\n\t\t\t\t<div class=\"elementor-widget-container\">\n\t\t\t\t\t\t\t<p data-start=\"109\" data-end=\"541\">In den 1960er Jahren wurde <strong>Sant Ferran de Ses Roques<\/strong> zu <strong>einer Heimat f\u00fcr die Freigeister der Hippie-Bewegung<\/strong>. Die Einheimischen begr\u00fc\u00dften diese langhaarigen Au\u00dfenseiter, die als<em data-start=\"307\" data-end=\"316\">&#8218;Peludos&#8216;<\/em> bekannt waren. Der <strong>Kirchplatz<\/strong> war einer ihrer Haupttreffpunkte. Sie brachten Musik, Kreativit\u00e4t und einen gegenkulturellen, unkonventionellen Geist mit.   <\/p>\n<p data-start=\"109\" data-end=\"541\">Noch heute erinnert <strong>Sant Ferran <\/strong> an diese Hippie-Vergangenheit. <strong>Jeden Freitagabend im Sommer<\/strong> (21. Juni bis 27. September) wird auf dem Platz <strong>Live-Musik<\/strong> gespielt und entlang der Hauptstra\u00dfe findet der <strong>Kunsthandwerkermarkt<\/strong> statt<strong>(jeden Abend au\u00dfer mittwochs und sonntags, 19 Uhr bis Mitternacht<\/strong>). An den St\u00e4nden werden <strong>einzigartige Kunstwerke und Kunsthandwerk<\/strong> von lokalen K\u00fcnstlern angeboten: Gem\u00e4lde, Keramik, Leder, Glas, Schmuck und vieles mehr. Ein Bummel durch die St\u00e4nde, w\u00e4hrend Sie der Musik lauschen, ist der perfekte Weg, um<strong> die b\u00f6hmische Seele von Sant Ferran<\/strong> zu erleben<strong>.<\/strong>  <\/p>\n\t\t\t\t\t\t<\/div>\n\t\t\t\t<\/div>\n\t\t\t\t\t<\/div>\n\t\t\t\t<\/div>\n\t\t<div class=\"elementor-element elementor-element-8ce680b e-flex e-con-boxed e-con e-parent\" data-id=\"8ce680b\" data-element_type=\"container\">\n\t\t\t\t\t<div class=\"e-con-inner\">\n\t\t\t\t<div class=\"elementor-element elementor-element-210de35 elementor-widget elementor-widget-image\" data-id=\"210de35\" data-element_type=\"widget\" data-widget_type=\"image.default\">\n\t\t\t\t<div class=\"elementor-widget-container\">\n\t\t\t\t\t\t\t\t\t\t<figure class=\"wp-caption\">\n\t\t\t\t\t\t\t\t\t\t<img decoding=\"async\" width=\"2048\" height=\"1536\" src=\"https:\/\/www.astburyformentera.de\/blog\/wp-content\/uploads\/2025\/09\/formentera-artisan-market-san-ferran.webp\" class=\"attachment-full size-full wp-image-3022\" alt=\"Artisan market Sant Ferran de Ses Roques, Formentera\" srcset=\"https:\/\/www.astburyformentera.de\/blog\/wp-content\/uploads\/2025\/09\/formentera-artisan-market-san-ferran.webp 2048w, https:\/\/www.astburyformentera.de\/blog\/wp-content\/uploads\/2025\/09\/formentera-artisan-market-san-ferran-768x576.webp 768w, https:\/\/www.astburyformentera.de\/blog\/wp-content\/uploads\/2025\/09\/formentera-artisan-market-san-ferran-1536x1152.webp 1536w\" sizes=\"(max-width: 2048px) 100vw, 2048px\" \/>\t\t\t\t\t\t\t\t\t\t\t<figcaption class=\"widget-image-caption wp-caption-text\">Stalls at the hippie artisan market in Sant Ferran de Ses Roques in Formentera<\/figcaption>\n\t\t\t\t\t\t\t\t\t\t<\/figure>\n\t\t\t\t\t\t\t<\/div>\n\t\t\t\t<\/div>\n\t\t\t\t\t<\/div>\n\t\t\t\t<\/div>\n\t\t<div class=\"elementor-element elementor-element-821da7d e-flex e-con-boxed e-con e-parent\" data-id=\"821da7d\" data-element_type=\"container\">\n\t\t\t\t\t<div class=\"e-con-inner\">\n\t\t\t\t<div class=\"elementor-element elementor-element-c4f060b elementor-widget elementor-widget-heading\" data-id=\"c4f060b\" data-element_type=\"widget\" data-widget_type=\"heading.default\">\n\t\t\t\t<div class=\"elementor-widget-container\">\n\t\t\t<h3 class=\"elementor-heading-title elementor-size-default\">2. Fonda Pepe: Eine lebende Legende<\/h3>\t\t<\/div>\n\t\t\t\t<\/div>\n\t\t\t\t\t<\/div>\n\t\t\t\t<\/div>\n\t\t<div class=\"elementor-element elementor-element-a37efd7 e-flex e-con-boxed e-con e-parent\" data-id=\"a37efd7\" data-element_type=\"container\">\n\t\t\t\t\t<div class=\"e-con-inner\">\n\t\t\t\t<div class=\"elementor-element elementor-element-946bbfb elementor-widget elementor-widget-text-editor\" data-id=\"946bbfb\" data-element_type=\"widget\" data-widget_type=\"text-editor.default\">\n\t\t\t\t<div class=\"elementor-widget-container\">\n\t\t\t\t\t\t\t<p data-start=\"840\" data-end=\"1028\"><a href=\"https:\/\/www.instagram.com\/fondapepeformentera\/?hl=en\" target=\"_blank\" rel=\"noopener\"><strong>Fonda Pepe<\/strong><\/a> ist mehr als eine Bar: Sie ist eine <strong>lebende Legende <\/strong>auf<strong> Formentera<\/strong>. Die <strong>1953<\/strong> er\u00f6ffnete Bar wurde schnell zum <strong>Zentrum der Hippie-Szene Formenteras<\/strong> und war Schauplatz einiger der denkw\u00fcrdigsten Veranstaltungen der 1960er Jahre. <\/p>\n<p data-start=\"1030\" data-end=\"1342\">Diese Trattoria, die auch als Bar und Herberge dient, tr\u00e4gt noch immer den Geist dieser \u00c4ra in sich. Legend\u00e4re Bands wie <strong data-start=\"1144\" data-end=\"1158\">Pink Floyd<\/strong> und <strong data-start=\"1163\" data-end=\"1179\">King Crimson<\/strong> waren hier zu Gast. Manche behaupten sogar, dass <strong data-start=\"1224\" data-end=\"1237\">Bob Dylan<\/strong> hier vorbeikam, um Gitarre zu spielen, obwohl dies wahrscheinlich eine urbane Legende ist, die von jemandem inspiriert wurde, der wie er aussah.  <\/p>\n<p data-start=\"1344\" data-end=\"1608\">Heute ist die <strong>Fonda Pepe<\/strong> immer noch ein beliebter Ort der Begegnung. Vintage-M\u00f6bel und <strong>ikonische Fotografien aus den 1960er Jahren<\/strong> von <strong data-start=\"1449\" data-end=\"1499\">Reinald W\u00fcnsche <\/strong>(Berlin 1943 &#8211; Formentera 2008) fangen Momente der Hippie-\u00c4ra ein und bilden ein unsch\u00e4tzbares visuelles Zeugnis des <strong>kulturellen Erbes von Formentera.<\/strong> <\/p>\n<p data-start=\"1610\" data-end=\"1931\">Hier k\u00f6nnen Sie eine <em>Paella barata<\/em> (erschwingliche Paella) genie\u00dfen, <em>Chupitos<\/em> (kleine Schn\u00e4pse) an der Bar schl\u00fcrfen oder bis sp\u00e4t in die Nacht bleiben, um eine lebhafte Nacht zu verbringen. Die Aromen und die Atmosph\u00e4re tragen noch den Geist der 1960er Jahre in sich und machen es zu einem <strong>Ort, den Sie nicht verpassen sollten<\/strong>, wenn Sie ein <strong>lebendiges St\u00fcck der Geschichte Formenteras<\/strong> erleben m\u00f6chten <strong>.<\/strong> <\/p>\n\t\t\t\t\t\t<\/div>\n\t\t\t\t<\/div>\n\t\t\t\t\t<\/div>\n\t\t\t\t<\/div>\n\t\t<div class=\"elementor-element elementor-element-b9d0d30 e-flex e-con-boxed e-con e-parent\" data-id=\"b9d0d30\" data-element_type=\"container\">\n\t\t\t\t\t<div class=\"e-con-inner\">\n\t\t\t\t<div class=\"elementor-element elementor-element-def34da elementor-widget elementor-widget-image\" data-id=\"def34da\" data-element_type=\"widget\" data-widget_type=\"image.default\">\n\t\t\t\t<div class=\"elementor-widget-container\">\n\t\t\t\t\t\t\t\t\t\t<figure class=\"wp-caption\">\n\t\t\t\t\t\t\t\t\t\t<img decoding=\"async\" width=\"2560\" height=\"1653\" src=\"https:\/\/www.astburyformentera.de\/blog\/wp-content\/uploads\/2025\/09\/fonda-pepe-formentera-historic-bar-scaled.webp\" class=\"attachment-full size-full wp-image-3034\" alt=\"Fonda Pepe in San Ferran, Formentera \u2013 historic bar, trattoria, and hostel frequented by Pink Floyd and King Crimson in the 1960s hippie era\" srcset=\"https:\/\/www.astburyformentera.de\/blog\/wp-content\/uploads\/2025\/09\/fonda-pepe-formentera-historic-bar-scaled.webp 2560w, https:\/\/www.astburyformentera.de\/blog\/wp-content\/uploads\/2025\/09\/fonda-pepe-formentera-historic-bar-768x496.webp 768w, https:\/\/www.astburyformentera.de\/blog\/wp-content\/uploads\/2025\/09\/fonda-pepe-formentera-historic-bar-1536x992.webp 1536w, https:\/\/www.astburyformentera.de\/blog\/wp-content\/uploads\/2025\/09\/fonda-pepe-formentera-historic-bar-2048x1322.webp 2048w\" sizes=\"(max-width: 2560px) 100vw, 2560px\" \/>\t\t\t\t\t\t\t\t\t\t\t<figcaption class=\"widget-image-caption wp-caption-text\">Fonda Pepe, a historic bar and trattoria in San Ferran, Formentera, has been a hub of the island\u2019s 1960s hippie scene and a gathering place for legendary musicians.<\/figcaption>\n\t\t\t\t\t\t\t\t\t\t<\/figure>\n\t\t\t\t\t\t\t<\/div>\n\t\t\t\t<\/div>\n\t\t\t\t<div class=\"elementor-element elementor-element-8c9c72d elementor-widget elementor-widget-heading\" data-id=\"8c9c72d\" data-element_type=\"widget\" data-widget_type=\"heading.default\">\n\t\t\t\t<div class=\"elementor-widget-container\">\n\t\t\t<h3 class=\"elementor-heading-title elementor-size-default\">3. Die Pink Floyd Verbindung\n<\/h3>\t\t<\/div>\n\t\t\t\t<\/div>\n\t\t\t\t\t<\/div>\n\t\t\t\t<\/div>\n\t\t<div class=\"elementor-element elementor-element-c36f9e8 e-flex e-con-boxed e-con e-parent\" data-id=\"c36f9e8\" data-element_type=\"container\">\n\t\t\t\t\t<div class=\"e-con-inner\">\n\t\t\t\t<div class=\"elementor-element elementor-element-0f180e7 elementor-widget elementor-widget-text-editor\" data-id=\"0f180e7\" data-element_type=\"widget\" data-widget_type=\"text-editor.default\">\n\t\t\t\t<div class=\"elementor-widget-container\">\n\t\t\t\t\t\t\t<p><span style=\"font-weight: 400;\"><strong>Sant Ferran<\/strong> ist auch die Heimat von <\/span><a href=\"https:\/\/formentera-guitars.com\/?fbclid=IwY2xjawNLsxhleHRuA2FlbQIxMABicmlkETFySW5EZTM1V2xjY0J3S3MwAR6TAggQwKUEDgBcF4714FG2JNoV23bw8oufOjK5BG1umn3jVdT32NVc51PPOw_aem_ZDJMbYH9fyqoU8meh-LaBw\" target=\"_blank\" rel=\"noopener\"><b>Formentera Gitarren<\/b><\/a><span style=\"font-weight: 400;\">, eine in den 1980er Jahren gegr\u00fcndete Werkstatt, die weltweit f\u00fcr die Herstellung hochwertiger Instrumente bekannt wurde. Legend\u00e4re Musiker, darunter Mitglieder von <strong>Pink Floyd<\/strong>, haben hier gefertigte Gitarren und B\u00e4sse gespielt und dieses kleine Dorf zu einem unerwarteten Heiligtum f\u00fcr Musikliebhaber gemacht. Ein Besuch bei <strong>Formentera Guitars<\/strong> ist ein Muss f\u00fcr jeden Musikliebhaber &#8211; und wenn Sie m\u00f6chten, k\u00f6nnen Sie sogar <strong>Ihre eigene Gitarre<\/strong> oder Ihren <strong>eigenen Bass<\/strong> <strong>bauen<\/strong>, indem Sie an dem beliebten dreiw\u00f6chigen Kurs teilnehmen und Instrumente herstellen, die f\u00fcr ihren ikonischen &#8222;Balearen-Sound&#8220; bekannt sind.    <\/span><\/p>\n\t\t\t\t\t\t<\/div>\n\t\t\t\t<\/div>\n\t\t\t\t<div class=\"elementor-element elementor-element-2b765a5 elementor-widget elementor-widget-heading\" data-id=\"2b765a5\" data-element_type=\"widget\" data-widget_type=\"heading.default\">\n\t\t\t\t<div class=\"elementor-widget-container\">\n\t\t\t<h3 class=\"elementor-heading-title elementor-size-default\">4. Cuevas d'en Geroni: Die verborgene H\u00f6hle<\/h3>\t\t<\/div>\n\t\t\t\t<\/div>\n\t\t\t\t<div class=\"elementor-element elementor-element-08f97fa elementor-widget elementor-widget-text-editor\" data-id=\"08f97fa\" data-element_type=\"widget\" data-widget_type=\"text-editor.default\">\n\t\t\t\t<div class=\"elementor-widget-container\">\n\t\t\t\t\t\t\t<p><span style=\"font-weight: 400;\">Entdeckt 1975 beim Graben eines Brunnens, <\/span><b>Cuevas d&#8217;en Geroni<\/b><span style=\"font-weight: 400;\"> ist eine der <\/span><b>Formentera<\/b><span style=\"font-weight: 400;\">Formenteras weniger bekannten <\/span><b>Natursch\u00e4tze<\/b><span style=\"font-weight: 400;\">. Es liegt einfach  <\/span><b>au\u00dferhalb von San Ferran<\/b><span style=\"font-weight: 400;\">bei <\/span><b>km 6,2 <\/b><span style=\"font-weight: 400;\">auf der Stra\u00dfe nach La Mola, gekennzeichnet durch Schilder und eine diskrete T\u00fcr: Erwarten Sie nichts Auff\u00e4lliges, was das Geheimnisvolle dieses Ortes noch verst\u00e4rkt.<\/span><\/p>\n<p><span style=\"font-weight: 400;\">Wenn Sie die H\u00f6hle betreten, finden Sie <strong>Stalaktiten<\/strong>, <strong>Stalagmiten<\/strong> und <strong>Baumwurzeln<\/strong>, die von der H\u00f6hlendecke herabh\u00e4ngen &#8211; diese unterirdische Welt scheint in der Zeit eingefroren zu sein.  <\/span><\/p>\n<p><span style=\"font-weight: 400;\">Ein Besuch der H\u00f6hle ist eine gro\u00dfartige <strong>Alternative zum Strand<\/strong>, wenn das Wetter bew\u00f6lkt ist. Es ist ein abenteuerliches, stimmungsvolles Erlebnis, das die nat\u00fcrliche Sch\u00f6nheit <strong>Formenteras<\/strong>von einer <strong>anderen Seite<\/strong> zeigt. <\/span><\/p>\n\t\t\t\t\t\t<\/div>\n\t\t\t\t<\/div>\n\t\t\t\t\t<\/div>\n\t\t\t\t<\/div>\n\t\t<div class=\"elementor-element elementor-element-d0664f6 e-flex e-con-boxed e-con e-parent\" data-id=\"d0664f6\" data-element_type=\"container\">\n\t\t\t\t\t<div class=\"e-con-inner\">\n\t\t\t\t<div class=\"elementor-element elementor-element-7bd2850 elementor-widget elementor-widget-heading\" data-id=\"7bd2850\" data-element_type=\"widget\" data-widget_type=\"heading.default\">\n\t\t\t\t<div class=\"elementor-widget-container\">\n\t\t\t<h3 class=\"elementor-heading-title elementor-size-default\">5. Das alternative Nachtleben von Sant Ferran<\/h3>\t\t<\/div>\n\t\t\t\t<\/div>\n\t\t\t\t\t<\/div>\n\t\t\t\t<\/div>\n\t\t<div class=\"elementor-element elementor-element-699c845 e-flex e-con-boxed e-con e-parent\" data-id=\"699c845\" data-element_type=\"container\">\n\t\t\t\t\t<div class=\"e-con-inner\">\n\t\t\t\t<div class=\"elementor-element elementor-element-cfd072e elementor-widget elementor-widget-text-editor\" data-id=\"cfd072e\" data-element_type=\"widget\" data-widget_type=\"text-editor.default\">\n\t\t\t\t<div class=\"elementor-widget-container\">\n\t\t\t\t\t\t\t<p data-start=\"240\" data-end=\"903\"><strong>Die N\u00e4chte in Sant Ferran<\/strong> haben einen ganz anderen Rhythmus als in <a href=\"https:\/\/www.astburyformentera.de\/blog\/ein-reisefuehrer-fuer-den-strand-und-das-dorf-es-pujols-auf-formentera\/\">Es Pujols<\/a>, dem Zentrum des Nachtlebens <strong>auf Formentera<\/strong>mit seinen Clubs und Bars. In <strong>Sant Ferran<\/strong> erwachen der Platz und die umliegenden Stra\u00dfen auf eine <strong>entspanntere<\/strong>, lokale Art zum Leben. An manchen Abenden sto\u00dfen Sie vielleicht auf eine Live-Band oder eine Jam-Session, die <strong>den Platz zu einem Treffpunkt<\/strong> f\u00fcr Einheimische und Besucher <strong>macht<\/strong>.  <\/p>\n<p data-start=\"240\" data-end=\"903\">Wenn Sie auf der Suche nach einer der <strong>besten Pizzen auf Formentera<\/strong> sind, sollten Sie sich das <a href=\"https:\/\/macondoformentera.com\/en\/home\" target=\"_blank\" rel=\"noopener\"><strong data-start=\"556\" data-end=\"567\">Macondo<\/strong><\/a>in der Hauptstra\u00dfe von <strong>Sant Ferran<\/strong>, wo Sie unter einem Olivenbaum Platz nehmen k\u00f6nnen. Die Tische der Restaurants s\u00e4umen die Stra\u00dfe, beleuchtet von sanften Lichtern, die eine <strong>magische Atmosph\u00e4re <\/strong> schaffen <strong>. <\/strong>  <\/p>\n<p data-start=\"240\" data-end=\"903\">Danach empfehlen wir einen Ausflug nach <a href=\"https:\/\/www.sapanxa.com\/\" target=\"_blank\" rel=\"noopener\"><strong data-start=\"780\" data-end=\"792\">Sa Panxa<\/strong><\/a> zu gehen, das bei den Einheimischen sehr beliebt ist. Die Bar hat einen <strong>alternativen<\/strong>, <strong>kreativen Flair<\/strong> mit <strong>einzigartigen lokalen Kunstwerken<\/strong> an den W\u00e4nden, die die <strong>b\u00f6hmische Seele Formenteras<\/strong> widerspiegeln. Im <g id=\"gid_6\">sch\u00f6nen Innenhof<\/g> gibt es Live-Musik, die den Raum mit Tanz und Gel\u00e4chter zum Leben erweckt. Es ist kein schickes Restaurant, sondern <strong>hat Charakter<\/strong> und eine echte, magische Atmosph\u00e4re, die den <strong>wahren Geist Formenteras widerspiegelt.<\/strong>   <\/p>\n\t\t\t\t\t\t<\/div>\n\t\t\t\t<\/div>\n\t\t\t\t\t<\/div>\n\t\t\t\t<\/div>\n\t\t<div class=\"elementor-element elementor-element-4a2f7d2 e-flex e-con-boxed e-con e-parent\" data-id=\"4a2f7d2\" data-element_type=\"container\">\n\t\t\t\t\t<div class=\"e-con-inner\">\n\t\t\t\t<div class=\"elementor-element elementor-element-6d4b9f5 elementor-widget elementor-widget-image\" data-id=\"6d4b9f5\" data-element_type=\"widget\" data-widget_type=\"image.default\">\n\t\t\t\t<div class=\"elementor-widget-container\">\n\t\t\t\t\t\t\t\t\t\t<figure class=\"wp-caption\">\n\t\t\t\t\t\t\t\t\t\t<img loading=\"lazy\" decoding=\"async\" width=\"2560\" height=\"1920\" src=\"https:\/\/www.astburyformentera.de\/blog\/wp-content\/uploads\/2025\/09\/san-ferran-formentera-live-music-sa-panxa-scaled.webp\" class=\"attachment-full size-full wp-image-3064\" alt=\"Live music performance at Sa Panxa bar in Sant Ferran de Ses Roques, Formentera, in the outdoor courtyard at night.\" srcset=\"https:\/\/www.astburyformentera.de\/blog\/wp-content\/uploads\/2025\/09\/san-ferran-formentera-live-music-sa-panxa-scaled.webp 2560w, https:\/\/www.astburyformentera.de\/blog\/wp-content\/uploads\/2025\/09\/san-ferran-formentera-live-music-sa-panxa-768x576.webp 768w, https:\/\/www.astburyformentera.de\/blog\/wp-content\/uploads\/2025\/09\/san-ferran-formentera-live-music-sa-panxa-1536x1152.webp 1536w, https:\/\/www.astburyformentera.de\/blog\/wp-content\/uploads\/2025\/09\/san-ferran-formentera-live-music-sa-panxa-2048x1536.webp 2048w\" sizes=\"(max-width: 2560px) 100vw, 2560px\" \/>\t\t\t\t\t\t\t\t\t\t\t<figcaption class=\"widget-image-caption wp-caption-text\">Live music performance at Sa Panxa, a popular bar in Sant Ferran de Ses Roques, Formentera, in its beautiful outdoor courtyard.<\/figcaption>\n\t\t\t\t\t\t\t\t\t\t<\/figure>\n\t\t\t\t\t\t\t<\/div>\n\t\t\t\t<\/div>\n\t\t\t\t\t<\/div>\n\t\t\t\t<\/div>\n\t\t\t\t<\/div>\n\t\t","protected":false},"excerpt":{"rendered":"<p>Sant Ferran de Ses Roques: Entdecken Sie Formenteras kreatives Dorf Im Herzen von Formentera gibt es ein Dorf mit einer&#8230;<\/p>\n","protected":false},"author":2,"featured_media":3003,"comment_status":"closed","ping_status":"closed","sticky":false,"template":"","format":"standard","meta":{"footnotes":""},"categories":[67,5],"tags":[],"class_list":["post-3180","post","type-post","status-publish","format-standard","has-post-thumbnail","hentry","category-entdecken-sie-formentera-ihr-reisefuhrer","category-unkategorisiert"],"yoast_head":"<!-- This site is optimized with the Yoast SEO plugin v22.8 - https:\/\/yoast.com\/wordpress\/plugins\/seo\/ -->\n<title>Sant Ferran de Ses Roques: Formenteras kreatives Dorf<\/title>\n<meta name=\"description\" content=\"Entdecken Sie Sant Ferran de Ses Roques, das kreative Dorf Formenteras. Entdecken Sie die Hippie-Geschichte, Kunsthandwerkerm\u00e4rkte, Live-Musik und charmante Stra\u00dfen. Erleben Sie Formentera jenseits der Str\u00e4nde.\" \/>\n<meta name=\"robots\" content=\"index, follow, max-snippet:-1, max-image-preview:large, max-video-preview:-1\" \/>\n<link rel=\"canonical\" href=\"https:\/\/www.astburyformentera.de\/blog\/sant-ferran-de-ses-roques-entdecken-sie-formenteras-kreatives-dorf\/\" \/>\n<meta property=\"og:locale\" content=\"de_DE\" \/>\n<meta property=\"og:type\" content=\"article\" \/>\n<meta property=\"og:title\" content=\"Sant Ferran de Ses Roques: Formenteras kreatives Dorf\" \/>\n<meta property=\"og:description\" content=\"Entdecken Sie Sant Ferran de Ses Roques, das kreative Dorf Formenteras. Entdecken Sie die Hippie-Geschichte, Kunsthandwerkerm\u00e4rkte, Live-Musik und charmante Stra\u00dfen. Erleben Sie Formentera jenseits der Str\u00e4nde.\" \/>\n<meta property=\"og:url\" content=\"https:\/\/www.astburyformentera.de\/blog\/sant-ferran-de-ses-roques-entdecken-sie-formenteras-kreatives-dorf\/\" \/>\n<meta property=\"og:site_name\" content=\"Island Life\" \/>\n<meta property=\"article:publisher\" content=\"https:\/\/www.facebook.com\/formentera.astbury\/\" \/>\n<meta property=\"article:published_time\" content=\"2025-09-25T13:25:27+00:00\" \/>\n<meta property=\"article:modified_time\" content=\"2025-12-09T11:40:38+00:00\" \/>\n<meta property=\"og:image\" content=\"https:\/\/www.astburyformentera.de\/blog\/wp-content\/uploads\/2025\/09\/sant-ferran-de-ses-roques-formentera-scaled.webp\" \/>\n\t<meta property=\"og:image:width\" content=\"2560\" \/>\n\t<meta property=\"og:image:height\" content=\"2091\" \/>\n\t<meta property=\"og:image:type\" content=\"image\/webp\" \/>\n<meta name=\"author\" content=\"astburyformentera\" \/>\n<meta name=\"twitter:card\" content=\"summary_large_image\" \/>\n<meta name=\"twitter:label1\" content=\"Verfasst von\" \/>\n\t<meta name=\"twitter:data1\" content=\"astburyformentera\" \/>\n\t<meta name=\"twitter:label2\" content=\"Gesch\u00e4tzte Lesezeit\" \/>\n\t<meta name=\"twitter:data2\" content=\"5\u00a0Minuten\" \/>\n<script type=\"application\/ld+json\" class=\"yoast-schema-graph\">{\"@context\":\"https:\/\/schema.org\",\"@graph\":[{\"@type\":\"Article\",\"@id\":\"https:\/\/www.astburyformentera.de\/blog\/sant-ferran-de-ses-roques-entdecken-sie-formenteras-kreatives-dorf\/#article\",\"isPartOf\":{\"@id\":\"https:\/\/www.astburyformentera.de\/blog\/sant-ferran-de-ses-roques-entdecken-sie-formenteras-kreatives-dorf\/\"},\"author\":{\"name\":\"astburyformentera\",\"@id\":\"https:\/\/www.astburyformentera.de\/blog\/#\/schema\/person\/3b7960663a62d882614d380312b77245\"},\"headline\":\"Sant Ferran de Ses Roques: Entdecken Sie Formenteras kreatives Dorf\",\"datePublished\":\"2025-09-25T13:25:27+00:00\",\"dateModified\":\"2025-12-09T11:40:38+00:00\",\"mainEntityOfPage\":{\"@id\":\"https:\/\/www.astburyformentera.de\/blog\/sant-ferran-de-ses-roques-entdecken-sie-formenteras-kreatives-dorf\/\"},\"wordCount\":1000,\"publisher\":{\"@id\":\"https:\/\/www.astburyformentera.de\/blog\/#organization\"},\"image\":{\"@id\":\"https:\/\/www.astburyformentera.de\/blog\/sant-ferran-de-ses-roques-entdecken-sie-formenteras-kreatives-dorf\/#primaryimage\"},\"thumbnailUrl\":\"https:\/\/www.astburyformentera.de\/blog\/wp-content\/uploads\/2025\/09\/sant-ferran-de-ses-roques-formentera-scaled.webp\",\"articleSection\":[\"Entdecken Sie Formentera: Ihr Reisef\u00fchrer\",\"Unkategorisiert\"],\"inLanguage\":\"de\"},{\"@type\":\"WebPage\",\"@id\":\"https:\/\/www.astburyformentera.de\/blog\/sant-ferran-de-ses-roques-entdecken-sie-formenteras-kreatives-dorf\/\",\"url\":\"https:\/\/www.astburyformentera.de\/blog\/sant-ferran-de-ses-roques-entdecken-sie-formenteras-kreatives-dorf\/\",\"name\":\"Sant Ferran de Ses Roques: Formenteras kreatives Dorf\",\"isPartOf\":{\"@id\":\"https:\/\/www.astburyformentera.de\/blog\/#website\"},\"primaryImageOfPage\":{\"@id\":\"https:\/\/www.astburyformentera.de\/blog\/sant-ferran-de-ses-roques-entdecken-sie-formenteras-kreatives-dorf\/#primaryimage\"},\"image\":{\"@id\":\"https:\/\/www.astburyformentera.de\/blog\/sant-ferran-de-ses-roques-entdecken-sie-formenteras-kreatives-dorf\/#primaryimage\"},\"thumbnailUrl\":\"https:\/\/www.astburyformentera.de\/blog\/wp-content\/uploads\/2025\/09\/sant-ferran-de-ses-roques-formentera-scaled.webp\",\"datePublished\":\"2025-09-25T13:25:27+00:00\",\"dateModified\":\"2025-12-09T11:40:38+00:00\",\"description\":\"Entdecken Sie Sant Ferran de Ses Roques, das kreative Dorf Formenteras. Entdecken Sie die Hippie-Geschichte, Kunsthandwerkerm\u00e4rkte, Live-Musik und charmante Stra\u00dfen. Erleben Sie Formentera jenseits der Str\u00e4nde.\",\"breadcrumb\":{\"@id\":\"https:\/\/www.astburyformentera.de\/blog\/sant-ferran-de-ses-roques-entdecken-sie-formenteras-kreatives-dorf\/#breadcrumb\"},\"inLanguage\":\"de\",\"potentialAction\":[{\"@type\":\"ReadAction\",\"target\":[\"https:\/\/www.astburyformentera.de\/blog\/sant-ferran-de-ses-roques-entdecken-sie-formenteras-kreatives-dorf\/\"]}]},{\"@type\":\"ImageObject\",\"inLanguage\":\"de\",\"@id\":\"https:\/\/www.astburyformentera.de\/blog\/sant-ferran-de-ses-roques-entdecken-sie-formenteras-kreatives-dorf\/#primaryimage\",\"url\":\"https:\/\/www.astburyformentera.de\/blog\/wp-content\/uploads\/2025\/09\/sant-ferran-de-ses-roques-formentera-scaled.webp\",\"contentUrl\":\"https:\/\/www.astburyformentera.de\/blog\/wp-content\/uploads\/2025\/09\/sant-ferran-de-ses-roques-formentera-scaled.webp\",\"width\":2560,\"height\":2091,\"caption\":\"La piazza centrale di Sant Ferran con la sua chiesa, cuore autentico e boh\u00e9mien di Formentera.\"},{\"@type\":\"BreadcrumbList\",\"@id\":\"https:\/\/www.astburyformentera.de\/blog\/sant-ferran-de-ses-roques-entdecken-sie-formenteras-kreatives-dorf\/#breadcrumb\",\"itemListElement\":[{\"@type\":\"ListItem\",\"position\":1,\"name\":\"Home\",\"item\":\"https:\/\/www.astburyformentera.de\/blog\/\"},{\"@type\":\"ListItem\",\"position\":2,\"name\":\"Sant Ferran de Ses Roques: Entdecken Sie Formenteras kreatives Dorf\"}]},{\"@type\":\"WebSite\",\"@id\":\"https:\/\/www.astburyformentera.de\/blog\/#website\",\"url\":\"https:\/\/www.astburyformentera.de\/blog\/\",\"name\":\"Island Life\",\"description\":\"Astbury Formentera\",\"publisher\":{\"@id\":\"https:\/\/www.astburyformentera.de\/blog\/#organization\"},\"potentialAction\":[{\"@type\":\"SearchAction\",\"target\":{\"@type\":\"EntryPoint\",\"urlTemplate\":\"https:\/\/www.astburyformentera.de\/blog\/?s={search_term_string}\"},\"query-input\":\"required name=search_term_string\"}],\"inLanguage\":\"de\"},{\"@type\":\"Organization\",\"@id\":\"https:\/\/www.astburyformentera.de\/blog\/#organization\",\"name\":\"Astbury Formentera\",\"url\":\"https:\/\/www.astburyformentera.de\/blog\/\",\"logo\":{\"@type\":\"ImageObject\",\"inLanguage\":\"de\",\"@id\":\"https:\/\/www.astburyformentera.de\/blog\/#\/schema\/logo\/image\/\",\"url\":\"https:\/\/www.astburyformentera.de\/blog\/wp-content\/uploads\/2024\/06\/Astbury_Main_Logo.jpg\",\"contentUrl\":\"https:\/\/www.astburyformentera.de\/blog\/wp-content\/uploads\/2024\/06\/Astbury_Main_Logo.jpg\",\"width\":591,\"height\":794,\"caption\":\"Astbury Formentera\"},\"image\":{\"@id\":\"https:\/\/www.astburyformentera.de\/blog\/#\/schema\/logo\/image\/\"},\"sameAs\":[\"https:\/\/www.facebook.com\/formentera.astbury\/\",\"https:\/\/www.instagram.com\/astburyformentera\/\"]},{\"@type\":\"Person\",\"@id\":\"https:\/\/www.astburyformentera.de\/blog\/#\/schema\/person\/3b7960663a62d882614d380312b77245\",\"name\":\"astburyformentera\",\"image\":{\"@type\":\"ImageObject\",\"inLanguage\":\"de\",\"@id\":\"https:\/\/www.astburyformentera.de\/blog\/#\/schema\/person\/image\/\",\"url\":\"https:\/\/secure.gravatar.com\/avatar\/e7a2190fae75b01f080821e9e7053a7d131f6f71b9d3654542a5a42f29c8a000?s=96&d=mm&r=g\",\"contentUrl\":\"https:\/\/secure.gravatar.com\/avatar\/e7a2190fae75b01f080821e9e7053a7d131f6f71b9d3654542a5a42f29c8a000?s=96&d=mm&r=g\",\"caption\":\"astburyformentera\"},\"url\":\"https:\/\/www.astburyformentera.de\/blog\/author\/astburyformentera\/\"}]}<\/script>\n<!-- \/ Yoast SEO plugin. -->","yoast_head_json":{"title":"Sant Ferran de Ses Roques: Formenteras kreatives Dorf","description":"Entdecken Sie Sant Ferran de Ses Roques, das kreative Dorf Formenteras. Entdecken Sie die Hippie-Geschichte, Kunsthandwerkerm\u00e4rkte, Live-Musik und charmante Stra\u00dfen. Erleben Sie Formentera jenseits der Str\u00e4nde.","robots":{"index":"index","follow":"follow","max-snippet":"max-snippet:-1","max-image-preview":"max-image-preview:large","max-video-preview":"max-video-preview:-1"},"canonical":"https:\/\/www.astburyformentera.de\/blog\/sant-ferran-de-ses-roques-entdecken-sie-formenteras-kreatives-dorf\/","og_locale":"de_DE","og_type":"article","og_title":"Sant Ferran de Ses Roques: Formenteras kreatives Dorf","og_description":"Entdecken Sie Sant Ferran de Ses Roques, das kreative Dorf Formenteras. Entdecken Sie die Hippie-Geschichte, Kunsthandwerkerm\u00e4rkte, Live-Musik und charmante Stra\u00dfen. Erleben Sie Formentera jenseits der Str\u00e4nde.","og_url":"https:\/\/www.astburyformentera.de\/blog\/sant-ferran-de-ses-roques-entdecken-sie-formenteras-kreatives-dorf\/","og_site_name":"Island Life","article_publisher":"https:\/\/www.facebook.com\/formentera.astbury\/","article_published_time":"2025-09-25T13:25:27+00:00","article_modified_time":"2025-12-09T11:40:38+00:00","og_image":[{"width":2560,"height":2091,"url":"https:\/\/www.astburyformentera.de\/blog\/wp-content\/uploads\/2025\/09\/sant-ferran-de-ses-roques-formentera-scaled.webp","type":"image\/webp"}],"author":"astburyformentera","twitter_card":"summary_large_image","twitter_misc":{"Verfasst von":"astburyformentera","Gesch\u00e4tzte Lesezeit":"5\u00a0Minuten"},"schema":{"@context":"https:\/\/schema.org","@graph":[{"@type":"Article","@id":"https:\/\/www.astburyformentera.de\/blog\/sant-ferran-de-ses-roques-entdecken-sie-formenteras-kreatives-dorf\/#article","isPartOf":{"@id":"https:\/\/www.astburyformentera.de\/blog\/sant-ferran-de-ses-roques-entdecken-sie-formenteras-kreatives-dorf\/"},"author":{"name":"astburyformentera","@id":"https:\/\/www.astburyformentera.de\/blog\/#\/schema\/person\/3b7960663a62d882614d380312b77245"},"headline":"Sant Ferran de Ses Roques: Entdecken Sie Formenteras kreatives Dorf","datePublished":"2025-09-25T13:25:27+00:00","dateModified":"2025-12-09T11:40:38+00:00","mainEntityOfPage":{"@id":"https:\/\/www.astburyformentera.de\/blog\/sant-ferran-de-ses-roques-entdecken-sie-formenteras-kreatives-dorf\/"},"wordCount":1000,"publisher":{"@id":"https:\/\/www.astburyformentera.de\/blog\/#organization"},"image":{"@id":"https:\/\/www.astburyformentera.de\/blog\/sant-ferran-de-ses-roques-entdecken-sie-formenteras-kreatives-dorf\/#primaryimage"},"thumbnailUrl":"https:\/\/www.astburyformentera.de\/blog\/wp-content\/uploads\/2025\/09\/sant-ferran-de-ses-roques-formentera-scaled.webp","articleSection":["Entdecken Sie Formentera: Ihr Reisef\u00fchrer","Unkategorisiert"],"inLanguage":"de"},{"@type":"WebPage","@id":"https:\/\/www.astburyformentera.de\/blog\/sant-ferran-de-ses-roques-entdecken-sie-formenteras-kreatives-dorf\/","url":"https:\/\/www.astburyformentera.de\/blog\/sant-ferran-de-ses-roques-entdecken-sie-formenteras-kreatives-dorf\/","name":"Sant Ferran de Ses Roques: Formenteras kreatives Dorf","isPartOf":{"@id":"https:\/\/www.astburyformentera.de\/blog\/#website"},"primaryImageOfPage":{"@id":"https:\/\/www.astburyformentera.de\/blog\/sant-ferran-de-ses-roques-entdecken-sie-formenteras-kreatives-dorf\/#primaryimage"},"image":{"@id":"https:\/\/www.astburyformentera.de\/blog\/sant-ferran-de-ses-roques-entdecken-sie-formenteras-kreatives-dorf\/#primaryimage"},"thumbnailUrl":"https:\/\/www.astburyformentera.de\/blog\/wp-content\/uploads\/2025\/09\/sant-ferran-de-ses-roques-formentera-scaled.webp","datePublished":"2025-09-25T13:25:27+00:00","dateModified":"2025-12-09T11:40:38+00:00","description":"Entdecken Sie Sant Ferran de Ses Roques, das kreative Dorf Formenteras. Entdecken Sie die Hippie-Geschichte, Kunsthandwerkerm\u00e4rkte, Live-Musik und charmante Stra\u00dfen. Erleben Sie Formentera jenseits der Str\u00e4nde.","breadcrumb":{"@id":"https:\/\/www.astburyformentera.de\/blog\/sant-ferran-de-ses-roques-entdecken-sie-formenteras-kreatives-dorf\/#breadcrumb"},"inLanguage":"de","potentialAction":[{"@type":"ReadAction","target":["https:\/\/www.astburyformentera.de\/blog\/sant-ferran-de-ses-roques-entdecken-sie-formenteras-kreatives-dorf\/"]}]},{"@type":"ImageObject","inLanguage":"de","@id":"https:\/\/www.astburyformentera.de\/blog\/sant-ferran-de-ses-roques-entdecken-sie-formenteras-kreatives-dorf\/#primaryimage","url":"https:\/\/www.astburyformentera.de\/blog\/wp-content\/uploads\/2025\/09\/sant-ferran-de-ses-roques-formentera-scaled.webp","contentUrl":"https:\/\/www.astburyformentera.de\/blog\/wp-content\/uploads\/2025\/09\/sant-ferran-de-ses-roques-formentera-scaled.webp","width":2560,"height":2091,"caption":"La piazza centrale di Sant Ferran con la sua chiesa, cuore autentico e boh\u00e9mien di Formentera."},{"@type":"BreadcrumbList","@id":"https:\/\/www.astburyformentera.de\/blog\/sant-ferran-de-ses-roques-entdecken-sie-formenteras-kreatives-dorf\/#breadcrumb","itemListElement":[{"@type":"ListItem","position":1,"name":"Home","item":"https:\/\/www.astburyformentera.de\/blog\/"},{"@type":"ListItem","position":2,"name":"Sant Ferran de Ses Roques: Entdecken Sie Formenteras kreatives Dorf"}]},{"@type":"WebSite","@id":"https:\/\/www.astburyformentera.de\/blog\/#website","url":"https:\/\/www.astburyformentera.de\/blog\/","name":"Island Life","description":"Astbury Formentera","publisher":{"@id":"https:\/\/www.astburyformentera.de\/blog\/#organization"},"potentialAction":[{"@type":"SearchAction","target":{"@type":"EntryPoint","urlTemplate":"https:\/\/www.astburyformentera.de\/blog\/?s={search_term_string}"},"query-input":"required name=search_term_string"}],"inLanguage":"de"},{"@type":"Organization","@id":"https:\/\/www.astburyformentera.de\/blog\/#organization","name":"Astbury Formentera","url":"https:\/\/www.astburyformentera.de\/blog\/","logo":{"@type":"ImageObject","inLanguage":"de","@id":"https:\/\/www.astburyformentera.de\/blog\/#\/schema\/logo\/image\/","url":"https:\/\/www.astburyformentera.de\/blog\/wp-content\/uploads\/2024\/06\/Astbury_Main_Logo.jpg","contentUrl":"https:\/\/www.astburyformentera.de\/blog\/wp-content\/uploads\/2024\/06\/Astbury_Main_Logo.jpg","width":591,"height":794,"caption":"Astbury Formentera"},"image":{"@id":"https:\/\/www.astburyformentera.de\/blog\/#\/schema\/logo\/image\/"},"sameAs":["https:\/\/www.facebook.com\/formentera.astbury\/","https:\/\/www.instagram.com\/astburyformentera\/"]},{"@type":"Person","@id":"https:\/\/www.astburyformentera.de\/blog\/#\/schema\/person\/3b7960663a62d882614d380312b77245","name":"astburyformentera","image":{"@type":"ImageObject","inLanguage":"de","@id":"https:\/\/www.astburyformentera.de\/blog\/#\/schema\/person\/image\/","url":"https:\/\/secure.gravatar.com\/avatar\/e7a2190fae75b01f080821e9e7053a7d131f6f71b9d3654542a5a42f29c8a000?s=96&d=mm&r=g","contentUrl":"https:\/\/secure.gravatar.com\/avatar\/e7a2190fae75b01f080821e9e7053a7d131f6f71b9d3654542a5a42f29c8a000?s=96&d=mm&r=g","caption":"astburyformentera"},"url":"https:\/\/www.astburyformentera.de\/blog\/author\/astburyformentera\/"}]}},"_links":{"self":[{"href":"https:\/\/www.astburyformentera.de\/blog\/wp-json\/wp\/v2\/posts\/3180","targetHints":{"allow":["GET"]}}],"collection":[{"href":"https:\/\/www.astburyformentera.de\/blog\/wp-json\/wp\/v2\/posts"}],"about":[{"href":"https:\/\/www.astburyformentera.de\/blog\/wp-json\/wp\/v2\/types\/post"}],"author":[{"embeddable":true,"href":"https:\/\/www.astburyformentera.de\/blog\/wp-json\/wp\/v2\/users\/2"}],"replies":[{"embeddable":true,"href":"https:\/\/www.astburyformentera.de\/blog\/wp-json\/wp\/v2\/comments?post=3180"}],"version-history":[{"count":1,"href":"https:\/\/www.astburyformentera.de\/blog\/wp-json\/wp\/v2\/posts\/3180\/revisions"}],"predecessor-version":[{"id":3182,"href":"https:\/\/www.astburyformentera.de\/blog\/wp-json\/wp\/v2\/posts\/3180\/revisions\/3182"}],"wp:featuredmedia":[{"embeddable":true,"href":"https:\/\/www.astburyformentera.de\/blog\/wp-json\/wp\/v2\/media\/3003"}],"wp:attachment":[{"href":"https:\/\/www.astburyformentera.de\/blog\/wp-json\/wp\/v2\/media?parent=3180"}],"wp:term":[{"taxonomy":"category","embeddable":true,"href":"https:\/\/www.astburyformentera.de\/blog\/wp-json\/wp\/v2\/categories?post=3180"},{"taxonomy":"post_tag","embeddable":true,"href":"https:\/\/www.astburyformentera.de\/blog\/wp-json\/wp\/v2\/tags?post=3180"}],"curies":[{"name":"wp","href":"https:\/\/api.w.org\/{rel}","templated":true}]}}